{"id":1150,"date":"2009-10-14T19:20:32","date_gmt":"2009-10-14T19:20:32","guid":{"rendered":"http:\/\/claudiobr.wordpress.com\/?p=1150"},"modified":"2009-10-14T19:20:32","modified_gmt":"2009-10-14T19:20:32","slug":"fotos-das-ultimas-2-semanas","status":"publish","type":"post","link":"https:\/\/yuri.com.br\/claudio\/2009\/10\/14\/fotos-das-ultimas-2-semanas\/","title":{"rendered":"Fotos das \u00faltimas 2 semanas"},"content":{"rendered":"<p>Clique <a title=\"Flickr\" href=\"http:\/\/www.flickr.com\/photos\/cbrisighello\/sets\/72157622556881220\/show\/\" target=\"_blank\">aqui<\/a> para um slideshow. Prometo contar melhor quando eu voltar&#8230;<\/p>\n<p style=\"text-align:center;\"><a href=\"http:\/\/www.flickr.com\/photos\/cbrisighello\/sets\/72157622556881220\/\"><img loading=\"lazy\" decoding=\"async\" class=\"aligncenter\" title=\"F\u00e9rias 2009\" src=\"http:\/\/farm4.static.flickr.com\/3427\/3985946116_b5c46dac5a_o.jpg\" alt=\"\" width=\"648\" height=\"431\" \/><\/a><\/p>\n","protected":false},"excerpt":{"rendered":"<p>Clique aqui para um slideshow. Prometo contar melhor quando eu voltar&#8230;<\/p>\n","protected":false},"author":2,"featured_media":0,"comment_status":"open","ping_status":"open","sticky":false,"template":"","format":"standard","meta":{"neve_meta_sidebar":"","neve_meta_container":"","neve_meta_enable_content_width":"","neve_meta_content_width":0,"neve_meta_title_alignment":"","neve_meta_author_avatar":"","neve_post_elements_order":"","neve_meta_disable_header":"","neve_meta_disable_footer":"","neve_meta_disable_title":"","jetpack_post_was_ever_published":false,"_jetpack_newsletter_access":"","_jetpack_dont_email_post_to_subs":false,"_jetpack_newsletter_tier_id":0,"_jetpack_memberships_contains_paywalled_content":false,"_jetpack_memberships_contains_paid_content":false,"footnotes":"","jetpack_publicize_message":"","jetpack_publicize_feature_enabled":true,"jetpack_social_post_already_shared":false,"jetpack_social_options":{"image_generator_settings":{"template":"highway","default_image_id":0,"font":"","enabled":false},"version":2}},"categories":[3],"tags":[],"class_list":["post-1150","post","type-post","status-publish","format-standard","hentry","category-escalada"],"jetpack_publicize_connections":[],"jetpack_featured_media_url":"","jetpack_shortlink":"https:\/\/wp.me\/p4i7cB-iy","jetpack_sharing_enabled":true,"jetpack-related-posts":[{"id":939,"url":"https:\/\/yuri.com.br\/claudio\/2009\/08\/18\/flickr\/","url_meta":{"origin":1150,"position":0},"title":"Flickr","author":"claudio","date":"18\/ago\/2009","format":false,"excerpt":"Separei algumas fotos 'favoritadas' no Flickr, este site que vai bem al\u00e9m do conceito de simples \"\u00e1lbum pessoal de fotografias\"... quando faltar inspira\u00e7\u00e3o, d\u00e1 uma fu\u00e7ada por l\u00e1 :-) Slideshow aqui.","rel":"","context":"Em &quot;Escalada&quot;","block_context":{"text":"Escalada","link":"https:\/\/yuri.com.br\/claudio\/category\/escalada\/"},"img":{"alt_text":"","src":"https:\/\/i0.wp.com\/farm1.static.flickr.com\/173\/375532425_c555c60969_m.jpg?resize=350%2C200","width":350,"height":200},"classes":[]},{"id":5454,"url":"https:\/\/yuri.com.br\/claudio\/2013\/07\/21\/o-melhor-amigo-do-homem\/","url_meta":{"origin":1150,"position":1},"title":"O melhor amigo do homem","author":"claudio","date":"21\/jul\/2013","format":false,"excerpt":"Souvenir de um belo dia de escalada, dessa vez com Bel\u00ea e Mindu, sob o imponente Medusa. Clique para ampliar...","rel":"","context":"Em &quot;Outros&quot;","block_context":{"text":"Outros","link":"https:\/\/yuri.com.br\/claudio\/category\/outros\/"},"img":{"alt_text":"","src":"","width":0,"height":0},"classes":[]},{"id":3513,"url":"https:\/\/yuri.com.br\/claudio\/2012\/02\/28\/tomatinhos\/","url_meta":{"origin":1150,"position":2},"title":"Tomatinhos","author":"claudio","date":"28\/fev\/2012","format":false,"excerpt":"Eis os tomateiros org\u00e2nicos que prometi para este ano. Meus pratos esperam ansiosamente por essas belezuras...","rel":"","context":"Em &quot;Escalada&quot;","block_context":{"text":"Escalada","link":"https:\/\/yuri.com.br\/claudio\/category\/escalada\/"},"img":{"alt_text":"","src":"https:\/\/i0.wp.com\/yuri.com.br\/claudio\/wp-content\/uploads\/2012\/02\/tomatescereja.jpg?resize=350%2C200&ssl=1","width":350,"height":200,"srcset":"https:\/\/i0.wp.com\/yuri.com.br\/claudio\/wp-content\/uploads\/2012\/02\/tomatescereja.jpg?resize=350%2C200&ssl=1 1x, https:\/\/i0.wp.com\/yuri.com.br\/claudio\/wp-content\/uploads\/2012\/02\/tomatescereja.jpg?resize=525%2C300&ssl=1 1.5x, https:\/\/i0.wp.com\/yuri.com.br\/claudio\/wp-content\/uploads\/2012\/02\/tomatescereja.jpg?resize=700%2C400&ssl=1 2x"},"classes":[]},{"id":5554,"url":"https:\/\/yuri.com.br\/claudio\/2013\/08\/09\/bbloc\/","url_meta":{"origin":1150,"position":3},"title":"BBLOC","author":"claudio","date":"9\/ago\/2013","format":false,"excerpt":"Acho que toda a comunidade escaladora est\u00e1 sabendo, mas n\u00e3o custa refor\u00e7ar o coro: est\u00e1 aberto o BBLOC aqui em S\u00e3o Bento do Sapuca\u00ed, dos s\u00f3cios Bel\u00ea\/N\u00edvea e Marcos, com uma incr\u00edvel cave cheia de placas curvas (ondas), tem at\u00e9 um arco pra galera se torturar, al\u00e9m de muros de\u2026","rel":"","context":"Em &quot;Escalada&quot;","block_context":{"text":"Escalada","link":"https:\/\/yuri.com.br\/claudio\/category\/escalada\/"},"img":{"alt_text":"","src":"","width":0,"height":0},"classes":[]},{"id":1944,"url":"https:\/\/yuri.com.br\/claudio\/2010\/05\/07\/dslrs-helicoptero\/","url_meta":{"origin":1150,"position":4},"title":"DSLRs + helic\u00f3ptero","author":"claudio","date":"7\/maio\/2010","format":false,"excerpt":"A revolu\u00e7\u00e3o digital possibilitando tomadas a\u00e9reas alucinantes! Talvez a vers\u00e3o com uma pipa seje mais barata? Se eu ganhar na loteria, prometo \"pilotar\" uma Red rente as faces nortes mais alucinantes por a\u00ed afora :-)","rel":"","context":"Em &quot;Escalada&quot;","block_context":{"text":"Escalada","link":"https:\/\/yuri.com.br\/claudio\/category\/escalada\/"},"img":{"alt_text":"","src":"","width":0,"height":0},"classes":[]},{"id":3046,"url":"https:\/\/yuri.com.br\/claudio\/2011\/08\/31\/vem-ai-o-sumba-boulder-2011\/","url_meta":{"origin":1150,"position":5},"title":"Vem a\u00ed o Sumba Boulder 2011","author":"claudio","date":"31\/ago\/2011","format":false,"excerpt":"J\u00e1 vou avisando que o setor promete... tive a oportunidade de conhecer renomados blocos de granito mundo afora (Su\u00ed\u00e7a, Yosemite) e n\u00e3o vi nada parecido. Aguardem + imagens em breve... por hora, reservem a data!","rel":"","context":"Em &quot;Escalada&quot;","block_context":{"text":"Escalada","link":"https:\/\/yuri.com.br\/claudio\/category\/escalada\/"},"img":{"alt_text":"","src":"https:\/\/i0.wp.com\/www.escaladacafe.com.br\/files\/teaser_small.jpg?resize=350%2C200","width":350,"height":200,"srcset":"https:\/\/i0.wp.com\/www.escaladacafe.com.br\/files\/teaser_small.jpg?resize=350%2C200 1x, https:\/\/i0.wp.com\/www.escaladacafe.com.br\/files\/teaser_small.jpg?resize=525%2C300 1.5x, https:\/\/i0.wp.com\/www.escaladacafe.com.br\/files\/teaser_small.jpg?resize=700%2C400 2x"},"classes":[]}],"_links":{"self":[{"href":"https:\/\/yuri.com.br\/claudio\/wp-json\/wp\/v2\/posts\/1150","targetHints":{"allow":["GET"]}}],"collection":[{"href":"https:\/\/yuri.com.br\/claudio\/wp-json\/wp\/v2\/posts"}],"about":[{"href":"https:\/\/yuri.com.br\/claudio\/wp-json\/wp\/v2\/types\/post"}],"author":[{"embeddable":true,"href":"https:\/\/yuri.com.br\/claudio\/wp-json\/wp\/v2\/users\/2"}],"replies":[{"embeddable":true,"href":"https:\/\/yuri.com.br\/claudio\/wp-json\/wp\/v2\/comments?post=1150"}],"version-history":[{"count":0,"href":"https:\/\/yuri.com.br\/claudio\/wp-json\/wp\/v2\/posts\/1150\/revisions"}],"wp:attachment":[{"href":"https:\/\/yuri.com.br\/claudio\/wp-json\/wp\/v2\/media?parent=1150"}],"wp:term":[{"taxonomy":"category","embeddable":true,"href":"https:\/\/yuri.com.br\/claudio\/wp-json\/wp\/v2\/categories?post=1150"},{"taxonomy":"post_tag","embeddable":true,"href":"https:\/\/yuri.com.br\/claudio\/wp-json\/wp\/v2\/tags?post=1150"}],"curies":[{"name":"wp","href":"https:\/\/api.w.org\/{rel}","templated":true}]}}