{"id":1099,"date":"2009-09-22T01:43:25","date_gmt":"2009-09-22T01:43:25","guid":{"rendered":"http:\/\/claudiobr.wordpress.com\/?p=1099"},"modified":"2009-09-22T01:43:25","modified_gmt":"2009-09-22T01:43:25","slug":"world-carfree-day-2009","status":"publish","type":"post","link":"https:\/\/yuri.com.br\/claudio\/2009\/09\/22\/world-carfree-day-2009\/","title":{"rendered":"World Carfree Day 2009"},"content":{"rendered":"<p><a href=\"http:\/\/www.worldcarfree.net\/wcfd\/\"><img loading=\"lazy\" decoding=\"async\" data-attachment-id=\"1100\" data-permalink=\"https:\/\/yuri.com.br\/claudio\/2009\/09\/22\/world-carfree-day-2009\/carfreeday_splash\/\" data-orig-file=\"https:\/\/yuri.com.br\/claudio\/wp-content\/uploads\/2009\/09\/carfreeday_splash.jpg\" data-orig-size=\"668,360\" data-comments-opened=\"1\" data-image-meta=\"{&quot;aperture&quot;:&quot;0&quot;,&quot;credit&quot;:&quot;&quot;,&quot;camera&quot;:&quot;&quot;,&quot;caption&quot;:&quot;&quot;,&quot;created_timestamp&quot;:&quot;0&quot;,&quot;copyright&quot;:&quot;&quot;,&quot;focal_length&quot;:&quot;0&quot;,&quot;iso&quot;:&quot;0&quot;,&quot;shutter_speed&quot;:&quot;0&quot;,&quot;title&quot;:&quot;&quot;}\" data-image-title=\"World Carfree Day\" data-image-description=\"\" data-image-caption=\"\" data-medium-file=\"https:\/\/yuri.com.br\/claudio\/wp-content\/uploads\/2009\/09\/carfreeday_splash-300x161.jpg\" data-large-file=\"https:\/\/yuri.com.br\/claudio\/wp-content\/uploads\/2009\/09\/carfreeday_splash.jpg\" class=\"aligncenter size-full wp-image-1100\" title=\"World Carfree Day\" src=\"http:\/\/yuri.com.br\/claudio\/wp-content\/uploads\/2009\/09\/carfreeday_splash.jpg\" alt=\"World Carfree Day\" width=\"668\" height=\"360\" srcset=\"https:\/\/yuri.com.br\/claudio\/wp-content\/uploads\/2009\/09\/carfreeday_splash.jpg 668w, https:\/\/yuri.com.br\/claudio\/wp-content\/uploads\/2009\/09\/carfreeday_splash-300x161.jpg 300w, https:\/\/yuri.com.br\/claudio\/wp-content\/uploads\/2009\/09\/carfreeday_splash-210x113.jpg 210w\" sizes=\"auto, (max-width: 668px) 100vw, 668px\" \/><\/a><\/p>\n<p>Em tempo, amanh\u00e3 dia 22\/Set \u00e9 o dia mundial &#8220;sem carro&#8221;.<\/p>\n<p>Pra mim \u00e9 f\u00e1cil pois eu trampo em casa, h\u00e1 uns 3 anos a minha cota di\u00e1ria de mon\u00f3xido de carbono lan\u00e7ado na atmosfera se reduziu a zero, pelo menos de segunda a sexta. Infelizmente, uma grande maioria \u00e9 obrigada a enfrentar quil\u00f4metros de congestionamento di\u00e1rios, em busca do seu &#8220;ganha-p\u00e3o&#8221;.<\/p>\n<p>Um dia s\u00f3 no ano n\u00e3o adianta p*rra nenhuma, mas pelo menos deve ajudar a influenciar nas metas pessoais de alguns. Espero que em um futuro pr\u00f3ximo, usar o carro todo dia fique fora de moda&#8230; ou invi\u00e1vel.<\/p>\n","protected":false},"excerpt":{"rendered":"<p>Em tempo, amanh\u00e3 dia 22\/Set \u00e9 o dia mundial &#8220;sem carro&#8221;. Pra mim \u00e9 f\u00e1cil pois eu trampo em casa, h\u00e1 uns 3 anos a minha cota di\u00e1ria de mon\u00f3xido de carbono lan\u00e7ado na atmosfera se reduziu a zero, pelo menos de segunda a sexta. Infelizmente, uma grande maioria \u00e9 obrigada a enfrentar quil\u00f4metros de&hellip;&nbsp;<a href=\"https:\/\/yuri.com.br\/claudio\/2009\/09\/22\/world-carfree-day-2009\/\" rel=\"bookmark\">Continue a ler &raquo;<span class=\"screen-reader-text\">World Carfree Day 2009<\/span><\/a><\/p>\n","protected":false},"author":2,"featured_media":1100,"comment_status":"open","ping_status":"open","sticky":false,"template":"","format":"standard","meta":{"neve_meta_sidebar":"","neve_meta_container":"","neve_meta_enable_content_width":"","neve_meta_content_width":0,"neve_meta_title_alignment":"","neve_meta_author_avatar":"","neve_post_elements_order":"","neve_meta_disable_header":"","neve_meta_disable_footer":"","neve_meta_disable_title":"","jetpack_post_was_ever_published":false,"_jetpack_newsletter_access":"","_jetpack_dont_email_post_to_subs":false,"_jetpack_newsletter_tier_id":0,"_jetpack_memberships_contains_paywalled_content":false,"_jetpack_memberships_contains_paid_content":false,"footnotes":"","jetpack_publicize_message":"","jetpack_publicize_feature_enabled":true,"jetpack_social_post_already_shared":false,"jetpack_social_options":{"image_generator_settings":{"template":"highway","default_image_id":0,"font":"","enabled":false},"version":2}},"categories":[3],"tags":[],"class_list":["post-1099","post","type-post","status-publish","format-standard","has-post-thumbnail","hentry","category-escalada"],"jetpack_publicize_connections":[],"jetpack_featured_media_url":"https:\/\/yuri.com.br\/claudio\/wp-content\/uploads\/2009\/09\/carfreeday_splash.jpg","jetpack_shortlink":"https:\/\/wp.me\/p4i7cB-hJ","jetpack_sharing_enabled":true,"jetpack-related-posts":[{"id":930,"url":"https:\/\/yuri.com.br\/claudio\/2009\/08\/06\/escalada-cafe-coming-soon\/","url_meta":{"origin":1099,"position":0},"title":"Escalada Caf\u00e9 &#8211; coming soon&#8230;","author":"claudio","date":"6\/ago\/2009","format":false,"excerpt":"Em breve, mais novidades no site... Por hora, gostaria de aproveitar e compartilhar um depoimento gratuito e muito bacana por parte do Neudson: http:\/\/www.descedaidoido.com.br\/2009\/08\/05\/participe-do-escalada-cafe E se eu n\u00e3o postar at\u00e9 amanh\u00e3... feliz dia dos pais a todos! papai, uns 70 anos atr\u00e1s, muito antes do dia em que dan\u00e7ou com\u2026","rel":"","context":"Em &quot;Escalada&quot;","block_context":{"text":"Escalada","link":"https:\/\/yuri.com.br\/claudio\/category\/escalada\/"},"img":{"alt_text":"Meu pai","src":"https:\/\/i0.wp.com\/yuri.com.br\/claudio\/wp-content\/uploads\/2009\/08\/147924623.jpg?resize=350%2C200","width":350,"height":200},"classes":[]},{"id":241,"url":"https:\/\/yuri.com.br\/claudio\/2008\/09\/25\/fausto-wolff\/","url_meta":{"origin":1099,"position":1},"title":"Fausto Wolff","author":"claudio","date":"25\/set\/2008","format":false,"excerpt":"A poucas semanas atr\u00e1s, mais precisamente no dia 5 de setembro, faleceu no RJ o jornalista e escritor brasileiro Fausto Wolff. Eu n\u00e3o tenho a menor compet\u00eancia pra escrever sobre esse cara. Indico um artigo \"p\u00f3stumo\" que o descreve melhor no seu pr\u00f3prio site: http:\/\/www.olobo.net\/index.php?pg=colunistas&id=1008 Mas aqui eu gostaria de\u2026","rel":"","context":"Em &quot;'Baixa' Gastronomia&quot;","block_context":{"text":"'Baixa' Gastronomia","link":"https:\/\/yuri.com.br\/claudio\/category\/baixa-gastronomia\/"},"img":{"alt_text":"","src":"","width":0,"height":0},"classes":[]},{"id":4804,"url":"https:\/\/yuri.com.br\/claudio\/2013\/03\/22\/flow-for-the-love-of-water\/","url_meta":{"origin":1099,"position":2},"title":"FLOW &#8211; For Love of Water","author":"claudio","date":"22\/mar\/2013","format":false,"excerpt":"E por falar em filminhos, vale recomendar um document\u00e1rio neste 22 de mar\u00e7o que \u00e9 o tal \"dia mundial da \u00e1gua\". Assisti Flow uns anos atr\u00e1s e, apesar de ser mais um desses ensaios eco-apocal\u00edpticos-parciais, tem sua utilidade em orientar sobre quais multinacionais voc\u00ea N\u00c3O deve dar o seu dinheiro.\u2026","rel":"","context":"Em &quot;Outros&quot;","block_context":{"text":"Outros","link":"https:\/\/yuri.com.br\/claudio\/category\/outros\/"},"img":{"alt_text":"","src":"https:\/\/i0.wp.com\/img.youtube.com\/vi\/LGd9D4J0lag\/0.jpg?resize=350%2C200","width":350,"height":200},"classes":[]},{"id":3270,"url":"https:\/\/yuri.com.br\/claudio\/2011\/12\/15\/vertigo\/","url_meta":{"origin":1099,"position":3},"title":"Vertigo","author":"claudio","date":"15\/dez\/2011","format":false,"excerpt":"Essa vai pra vc que t\u00e1 emburrado no trampo, naquele ritmo de fim de ano e n\u00e3o aguenta mais jogar paci\u00eancia. O joguinho n\u00e3o \u00e9 mto novo mas dos que eu j\u00e1 vi por a\u00ed afora, me pareceu o melhorzinho! Bem realista (na medida do poss\u00edvel) e ainda em desenvolvimento,\u2026","rel":"","context":"Em &quot;Escalada&quot;","block_context":{"text":"Escalada","link":"https:\/\/yuri.com.br\/claudio\/category\/escalada\/"},"img":{"alt_text":"","src":"https:\/\/i0.wp.com\/yuri.com.br\/claudio\/wp-content\/uploads\/2011\/12\/vertigo.gif?resize=350%2C200&ssl=1","width":350,"height":200,"srcset":"https:\/\/i0.wp.com\/yuri.com.br\/claudio\/wp-content\/uploads\/2011\/12\/vertigo.gif?resize=350%2C200&ssl=1 1x, https:\/\/i0.wp.com\/yuri.com.br\/claudio\/wp-content\/uploads\/2011\/12\/vertigo.gif?resize=525%2C300&ssl=1 1.5x"},"classes":[]},{"id":3058,"url":"https:\/\/yuri.com.br\/claudio\/2011\/09\/07\/e-da-lhe-boulder\/","url_meta":{"origin":1099,"position":4},"title":"E d\u00e1-lhe boulder&#8230;","author":"claudio","date":"7\/set\/2011","format":false,"excerpt":"Os trampos no setor novo continuam e dezenas de linhas est\u00e3o abertas, do V0 ao V-Hard, de verticais a tet\u00f5es, sem falar de um \u00e1rduo trabalho nas bases que mudou meu conceito, visando a seguran\u00e7a. E pensar que uma simples enxadada dessas poderia ter evitado os 4 parafusos que ganhei\u2026","rel":"","context":"Em &quot;Escalada&quot;","block_context":{"text":"Escalada","link":"https:\/\/yuri.com.br\/claudio\/category\/escalada\/"},"img":{"alt_text":"","src":"https:\/\/i0.wp.com\/yuri.com.br\/claudio\/wp-content\/uploads\/2011\/09\/sumbaboulder_paulinha_small.jpg?resize=350%2C200&ssl=1","width":350,"height":200,"srcset":"https:\/\/i0.wp.com\/yuri.com.br\/claudio\/wp-content\/uploads\/2011\/09\/sumbaboulder_paulinha_small.jpg?resize=350%2C200&ssl=1 1x, https:\/\/i0.wp.com\/yuri.com.br\/claudio\/wp-content\/uploads\/2011\/09\/sumbaboulder_paulinha_small.jpg?resize=525%2C300&ssl=1 1.5x, https:\/\/i0.wp.com\/yuri.com.br\/claudio\/wp-content\/uploads\/2011\/09\/sumbaboulder_paulinha_small.jpg?resize=700%2C400&ssl=1 2x"},"classes":[]},{"id":4179,"url":"https:\/\/yuri.com.br\/claudio\/2012\/11\/07\/muchas-gracias\/","url_meta":{"origin":1099,"position":5},"title":"Muchas gracias","author":"claudio","date":"7\/nov\/2012","format":false,"excerpt":"Valeu VG (mais todos que vc mobilizou) & Tha\u00eds\/Babaleia pelos donativos! Com uma comunidade assim cheia de parceiros \"firmeza-plus\", o trampo fica mais f\u00e1cil. Todos sabemos que os boulders mantiqueirenses s\u00e3o \"tropicalientes\": muitos est\u00e3o encravados em matas \u00famidas, ambientes perfeitos para agarras fr\u00e1geis. Sabemos tamb\u00e9m que uma latinha dessas n\u00e3o\u2026","rel":"","context":"Em &quot;Escalada&quot;","block_context":{"text":"Escalada","link":"https:\/\/yuri.com.br\/claudio\/category\/escalada\/"},"img":{"alt_text":"","src":"https:\/\/i0.wp.com\/yuri.com.br\/claudio\/wp-content\/uploads\/2012\/11\/sika_donativos.jpg?resize=350%2C200&ssl=1","width":350,"height":200,"srcset":"https:\/\/i0.wp.com\/yuri.com.br\/claudio\/wp-content\/uploads\/2012\/11\/sika_donativos.jpg?resize=350%2C200&ssl=1 1x, https:\/\/i0.wp.com\/yuri.com.br\/claudio\/wp-content\/uploads\/2012\/11\/sika_donativos.jpg?resize=525%2C300&ssl=1 1.5x, https:\/\/i0.wp.com\/yuri.com.br\/claudio\/wp-content\/uploads\/2012\/11\/sika_donativos.jpg?resize=700%2C400&ssl=1 2x"},"classes":[]}],"_links":{"self":[{"href":"https:\/\/yuri.com.br\/claudio\/wp-json\/wp\/v2\/posts\/1099","targetHints":{"allow":["GET"]}}],"collection":[{"href":"https:\/\/yuri.com.br\/claudio\/wp-json\/wp\/v2\/posts"}],"about":[{"href":"https:\/\/yuri.com.br\/claudio\/wp-json\/wp\/v2\/types\/post"}],"author":[{"embeddable":true,"href":"https:\/\/yuri.com.br\/claudio\/wp-json\/wp\/v2\/users\/2"}],"replies":[{"embeddable":true,"href":"https:\/\/yuri.com.br\/claudio\/wp-json\/wp\/v2\/comments?post=1099"}],"version-history":[{"count":0,"href":"https:\/\/yuri.com.br\/claudio\/wp-json\/wp\/v2\/posts\/1099\/revisions"}],"wp:featuredmedia":[{"embeddable":true,"href":"https:\/\/yuri.com.br\/claudio\/wp-json\/wp\/v2\/media\/1100"}],"wp:attachment":[{"href":"https:\/\/yuri.com.br\/claudio\/wp-json\/wp\/v2\/media?parent=1099"}],"wp:term":[{"taxonomy":"category","embeddable":true,"href":"https:\/\/yuri.com.br\/claudio\/wp-json\/wp\/v2\/categories?post=1099"},{"taxonomy":"post_tag","embeddable":true,"href":"https:\/\/yuri.com.br\/claudio\/wp-json\/wp\/v2\/tags?post=1099"}],"curies":[{"name":"wp","href":"https:\/\/api.w.org\/{rel}","templated":true}]}}