{"id":1082,"date":"2009-09-26T03:39:04","date_gmt":"2009-09-26T03:39:04","guid":{"rendered":"http:\/\/claudiobr.wordpress.com\/?p=1082"},"modified":"2009-09-26T03:39:04","modified_gmt":"2009-09-26T03:39:04","slug":"ferias","status":"publish","type":"post","link":"https:\/\/yuri.com.br\/claudio\/2009\/09\/26\/ferias\/","title":{"rendered":"F\u00e9rias"},"content":{"rendered":"<p><img loading=\"lazy\" decoding=\"async\" data-attachment-id=\"1083\" data-permalink=\"https:\/\/yuri.com.br\/claudio\/2009\/09\/26\/ferias\/trabalho\/\" data-orig-file=\"https:\/\/yuri.com.br\/claudio\/wp-content\/uploads\/2009\/09\/trabalho.gif\" data-orig-size=\"224,624\" data-comments-opened=\"1\" data-image-meta=\"{&quot;aperture&quot;:&quot;0&quot;,&quot;credit&quot;:&quot;&quot;,&quot;camera&quot;:&quot;&quot;,&quot;caption&quot;:&quot;&quot;,&quot;created_timestamp&quot;:&quot;0&quot;,&quot;copyright&quot;:&quot;&quot;,&quot;focal_length&quot;:&quot;0&quot;,&quot;iso&quot;:&quot;0&quot;,&quot;shutter_speed&quot;:&quot;0&quot;,&quot;title&quot;:&quot;&quot;}\" data-image-title=\"Trabalho\" data-image-description=\"\" data-image-caption=\"\" data-medium-file=\"https:\/\/yuri.com.br\/claudio\/wp-content\/uploads\/2009\/09\/trabalho-107x300.gif\" data-large-file=\"https:\/\/yuri.com.br\/claudio\/wp-content\/uploads\/2009\/09\/trabalho.gif\" class=\"size-full wp-image-1083 alignright\" title=\"Trabalho\" src=\"http:\/\/yuri.com.br\/claudio\/wp-content\/uploads\/2009\/09\/trabalho.gif\" alt=\"Trabalho\" width=\"100\" height=\"279\" \/><\/p>\n<p style=\"padding-left:60px;\">\n<p style=\"padding-left:60px;\">\n<h4 style=\"padding-left:60px;\">\u00a0<\/h4>\n<h4 style=\"padding-left:60px;\">\u00a0<\/h4>\n<h4 style=\"padding-left:60px;\">\u00a0<\/h4>\n<h4 style=\"padding-left:60px;\">&#8220;A nossa vida \u00e9 o assassinato pelo trabalho, durante sessenta anos<\/h4>\n<h4 style=\"padding-left:60px;\">ficamos enforcados e estrebuchando na corda, mas n\u00e3o a cortamos.&#8221;<\/h4>\n<h6 style=\"padding-left:60px;\"><em>\u00a0<\/em><\/h6>\n<h6 style=\"padding-left:60px;\"><em>Georg B\u00fcchner, A Morte de Danton (1835)<\/em><\/h6>\n<p>\u00a0<\/p>\n<p>\u00a0<\/p>\n<p>\u00a0\u00a0<\/p>\n<p>Volto daqui algumas semanas&#8230;<br \/>\nViva o \u00f3cio! :-)<\/p>\n","protected":false},"excerpt":{"rendered":"<p>\u00a0 \u00a0 \u00a0 &#8220;A nossa vida \u00e9 o assassinato pelo trabalho, durante sessenta anos ficamos enforcados e estrebuchando na corda, mas n\u00e3o a cortamos.&#8221; \u00a0 Georg B\u00fcchner, A Morte de Danton (1835) \u00a0 \u00a0 \u00a0\u00a0 Volto daqui algumas semanas&#8230; Viva o \u00f3cio! :-)<\/p>\n","protected":false},"author":2,"featured_media":1083,"comment_status":"open","ping_status":"open","sticky":false,"template":"","format":"standard","meta":{"neve_meta_sidebar":"","neve_meta_container":"","neve_meta_enable_content_width":"","neve_meta_content_width":0,"neve_meta_title_alignment":"","neve_meta_author_avatar":"","neve_post_elements_order":"","neve_meta_disable_header":"","neve_meta_disable_footer":"","neve_meta_disable_title":"","jetpack_post_was_ever_published":false,"_jetpack_newsletter_access":"","_jetpack_dont_email_post_to_subs":false,"_jetpack_newsletter_tier_id":0,"_jetpack_memberships_contains_paywalled_content":false,"_jetpack_memberships_contains_paid_content":false,"footnotes":"","jetpack_publicize_message":"","jetpack_publicize_feature_enabled":true,"jetpack_social_post_already_shared":false,"jetpack_social_options":{"image_generator_settings":{"template":"highway","default_image_id":0,"font":"","enabled":false},"version":2}},"categories":[3],"tags":[],"class_list":["post-1082","post","type-post","status-publish","format-standard","has-post-thumbnail","hentry","category-escalada"],"jetpack_publicize_connections":[],"jetpack_featured_media_url":"https:\/\/yuri.com.br\/claudio\/wp-content\/uploads\/2009\/09\/trabalho.gif","jetpack_shortlink":"https:\/\/wp.me\/s4i7cB-ferias","jetpack_sharing_enabled":true,"jetpack-related-posts":[{"id":918,"url":"https:\/\/yuri.com.br\/claudio\/2009\/07\/27\/video-do-ouroboulder\/","url_meta":{"origin":1082,"position":0},"title":"V\u00eddeo do Ouroboulder","author":"claudio","date":"27\/jul\/2009","format":false,"excerpt":"Assista no Escalada Caf\u00e9 ao curta do Ouroboulder 2009: http:\/\/www.escaladacafe.com.br\/noticias\/ouroboulder-2009-video Espero que gostem... ..viva o \u00f3cio! :-)","rel":"","context":"Em &quot;Escalada&quot;","block_context":{"text":"Escalada","link":"https:\/\/yuri.com.br\/claudio\/category\/escalada\/"},"img":{"alt_text":"","src":"","width":0,"height":0},"classes":[]},{"id":1317,"url":"https:\/\/yuri.com.br\/claudio\/2009\/12\/30\/aquecimento-mitologico\/","url_meta":{"origin":1082,"position":1},"title":"Aquecimento mitol\u00f3gico","author":"claudio","date":"30\/dez\/2009","format":false,"excerpt":"Aproveitando o raro \u00f3cio de fim de ano, escrevo uma notinha a respeito dessa ladainha do aquecimento global antropol\u00f3gico (provocado pelo homem), e junto a isso um equivocado apelo de culpa, que preenche a ideologia de resist\u00eancia em milhares de indiv\u00edduos por a\u00ed afora. Afinal, ser eco-friendly e condenar a\u2026","rel":"","context":"Em &quot;Outros&quot;","block_context":{"text":"Outros","link":"https:\/\/yuri.com.br\/claudio\/category\/outros\/"},"img":{"alt_text":"","src":"https:\/\/i0.wp.com\/www.uwsp.edu\/cnr\/wcee\/keep\/HSSupplement\/images\/Time%20Magazine.jpg?resize=350%2C200","width":350,"height":200},"classes":[]},{"id":4503,"url":"https:\/\/yuri.com.br\/claudio\/2012\/12\/28\/feliz-2013\/","url_meta":{"origin":1082,"position":2},"title":"Feliz 2013","author":"claudio","date":"28\/dez\/2012","format":false,"excerpt":"Dessa vez vou resumir a t\u00edpica mensagem de fim de ano com bons votos: Desejo a vcs um ano novo cheio de grandes li\u00e7\u00f5es, atitudes comprometidas, respeito e sinceridade consigo pr\u00f3prio, com os outros e com o planeta. Desejo tamb\u00e9m bastante \u00f3cio (criativo!), lazer, arte, ou tudo aquilo que nos\u2026","rel":"","context":"Em &quot;Outros&quot;","block_context":{"text":"Outros","link":"https:\/\/yuri.com.br\/claudio\/category\/outros\/"},"img":{"alt_text":"","src":"","width":0,"height":0},"classes":[]},{"id":1602,"url":"https:\/\/yuri.com.br\/claudio\/2010\/03\/01\/o-futuro-e-agora\/","url_meta":{"origin":1082,"position":3},"title":"Choose your future","author":"claudio","date":"1\/mar\/2010","format":false,"excerpt":"Uma foto para tentar esclarecer aos amigos que n\u00e3o sumimos e daqui alguns meses a gente se v\u00ea! Enquanto isso, mandem a \"vibe\" pois essa via \u00e9 punk! Se chama vida e faz 31 anos que estou trabalhando os movimentos :-) \u00a0 \u00a0","rel":"","context":"Em &quot;Outros&quot;","block_context":{"text":"Outros","link":"https:\/\/yuri.com.br\/claudio\/category\/outros\/"},"img":{"alt_text":"","src":"https:\/\/i0.wp.com\/yuri.com.br\/claudio\/wp-content\/uploads\/2010\/02\/casinha-2.jpg?resize=350%2C200&ssl=1","width":350,"height":200,"srcset":"https:\/\/i0.wp.com\/yuri.com.br\/claudio\/wp-content\/uploads\/2010\/02\/casinha-2.jpg?resize=350%2C200&ssl=1 1x, https:\/\/i0.wp.com\/yuri.com.br\/claudio\/wp-content\/uploads\/2010\/02\/casinha-2.jpg?resize=525%2C300&ssl=1 1.5x, https:\/\/i0.wp.com\/yuri.com.br\/claudio\/wp-content\/uploads\/2010\/02\/casinha-2.jpg?resize=700%2C400&ssl=1 2x"},"classes":[]},{"id":1670,"url":"https:\/\/yuri.com.br\/claudio\/2010\/03\/06\/a-saudade\/","url_meta":{"origin":1082,"position":4},"title":"A saudade","author":"claudio","date":"6\/mar\/2010","format":false,"excerpt":"\u00a0 A saudade \u00e9 uma tristeza alegre. (Fabr\u00edcio Carpinejar) Saudade \u00e9 quando o momento tenta fugir da lembran\u00e7a pra acontecer de novo e n\u00e3o consegue. (Adriana Falc\u00e3o) Quando mem\u00f3rias sequestram o seu \u00f3cio e assim, indefeso, sua garganta d\u00e1 um n\u00f3, o olhar empo\u00e7ado se hipnotiza no infinito e surge\u2026","rel":"","context":"Em &quot;Outros&quot;","block_context":{"text":"Outros","link":"https:\/\/yuri.com.br\/claudio\/category\/outros\/"},"img":{"alt_text":"","src":"","width":0,"height":0},"classes":[]},{"id":809,"url":"https:\/\/yuri.com.br\/claudio\/2009\/06\/26\/pipoca\/","url_meta":{"origin":1082,"position":5},"title":"Pipoca","author":"claudio","date":"26\/jun\/2009","format":false,"excerpt":"Gra\u00e7as ao \"desapego\" de colegas, pude assistir ao esperado filme Masters of Stone VI, e desta vez compartilho o link e algumas impress\u00f5es: para quem n\u00e3o conhece, a s\u00e9rie Masters of Stone \u00e9 como um \"av\u00f4\" dos Dosage's, com direito a escaladores vestindo lycra e fazendo coisas extremas em diversas\u2026","rel":"","context":"Em &quot;Escalada&quot;","block_context":{"text":"Escalada","link":"https:\/\/yuri.com.br\/claudio\/category\/escalada\/"},"img":{"alt_text":"","src":"","width":0,"height":0},"classes":[]}],"_links":{"self":[{"href":"https:\/\/yuri.com.br\/claudio\/wp-json\/wp\/v2\/posts\/1082","targetHints":{"allow":["GET"]}}],"collection":[{"href":"https:\/\/yuri.com.br\/claudio\/wp-json\/wp\/v2\/posts"}],"about":[{"href":"https:\/\/yuri.com.br\/claudio\/wp-json\/wp\/v2\/types\/post"}],"author":[{"embeddable":true,"href":"https:\/\/yuri.com.br\/claudio\/wp-json\/wp\/v2\/users\/2"}],"replies":[{"embeddable":true,"href":"https:\/\/yuri.com.br\/claudio\/wp-json\/wp\/v2\/comments?post=1082"}],"version-history":[{"count":0,"href":"https:\/\/yuri.com.br\/claudio\/wp-json\/wp\/v2\/posts\/1082\/revisions"}],"wp:featuredmedia":[{"embeddable":true,"href":"https:\/\/yuri.com.br\/claudio\/wp-json\/wp\/v2\/media\/1083"}],"wp:attachment":[{"href":"https:\/\/yuri.com.br\/claudio\/wp-json\/wp\/v2\/media?parent=1082"}],"wp:term":[{"taxonomy":"category","embeddable":true,"href":"https:\/\/yuri.com.br\/claudio\/wp-json\/wp\/v2\/categories?post=1082"},{"taxonomy":"post_tag","embeddable":true,"href":"https:\/\/yuri.com.br\/claudio\/wp-json\/wp\/v2\/tags?post=1082"}],"curies":[{"name":"wp","href":"https:\/\/api.w.org\/{rel}","templated":true}]}}