{"id":1056,"date":"2009-09-21T00:27:51","date_gmt":"2009-09-21T00:27:51","guid":{"rendered":"http:\/\/claudiobr.wordpress.com\/?p=1056"},"modified":"2009-09-21T00:27:51","modified_gmt":"2009-09-21T00:27:51","slug":"shawarma-e-tchibum","status":"publish","type":"post","link":"https:\/\/yuri.com.br\/claudio\/2009\/09\/21\/shawarma-e-tchibum\/","title":{"rendered":"Shawarma e tchibum!"},"content":{"rendered":"<p>Neste s\u00e1bado, gra\u00e7as \u00e0 condu\u00e7\u00e3o da Fl\u00e1via, conhecemos um pouco da regi\u00e3o de Jacarepagu\u00e1 na zona oeste do RJ, mais precisamente os arredores da <a title=\"Mapa\" href=\"http:\/\/www.escaladacafe.com.br\/mapa\/pedra-hime\" target=\"_blank\">Pedra Hime<\/a>. O local \u00e9 um pouco mais distante e talvez por isso n\u00e3o t\u00e3o frequentado, mas valeu muito a visita. A \u00e1rea pertence a uma das maiores florestas urbanas do mundo, o Parque Estadual da Pedra Branca (maior que a Floresta da Tijuca).<\/p>\n<p>\u00a0<\/p>\n<h5 style=\"text-align:center;\"><a href=\"http:\/\/www.flickr.com\/photos\/cbrisighello\/3939296850\"><img loading=\"lazy\" decoding=\"async\" class=\"aligncenter\" title=\"Felipe nos psicoblocs\" src=\"http:\/\/farm4.static.flickr.com\/3424\/3939296850_813b2cf9d2_b.jpg\" alt=\"\" width=\"645\" height=\"188\" \/><\/a><\/h5>\n<p>\u00a0<\/p>\n<p>Felipe Dallorto da <a href=\"http:\/\/www.escaladoresdejacarepagua.org\" target=\"_blank\">UEJ<\/a> nos mostrou os psicoblocs e hoje eu entendo perfeitamente porque os espanholitos chamam aquilo de <strong>PSICO<\/strong>bloc. A primeira vez que eu me vi l\u00e1 em cima (leia-se depois de uns 10 metros), eu n\u00e3o queria mais pular, cair, subir nem sair de um descanso confort\u00e1vel. E desescalar n\u00e3o era mais poss\u00edvel pois eu tinha acabado de passar um lance delicado desses de &#8220;p\u00e9 na m\u00e3o com pin\u00e7a escorreguenta&#8221; :-) Mas depois da 1a. vaca, naturalmente, vai fluindo melhor. Divers\u00e3o garantida, mesmo sendo uma pedreira! Para quem for experimentar, o pico est\u00e1 cadastrado no <a href=\"http:\/\/www.escaladacafe.com.br\/mapa\/lago-da-hime\" target=\"_blank\">Mapa de Escaladas<\/a> &#8211; respeite os moradores locais por onde o \u00fanico acesso \u00e9 feito, e n\u00e3o use magn\u00e9sio (a lagoa n\u00e3o tem vaz\u00e3o).<\/p>\n<p>\u00a0<\/p>\n<h5 style=\"text-align:center;\"><a href=\"http:\/\/www.flickr.com\/photos\/cbrisighello\/3939295396\"><img loading=\"lazy\" decoding=\"async\" class=\"aligncenter\" title=\"Tchibum!\" src=\"http:\/\/farm3.static.flickr.com\/2447\/3939295396_e820e0191a.jpg\" alt=\"\" width=\"500\" height=\"333\" \/><\/a><\/h5>\n<p>\u00a0<\/p>\n<p>Eu, <a href=\"http:\/\/naokiarima.com\" target=\"_blank\">Naoki<\/a> e Yuri aproveitamos para checar os v\u00e1rios blocos pr\u00f3ximos do local, todos inexplorados. Escolhemos um tetinho bacana, e ap\u00f3s uma boa limpa, betas e uma certa press\u00e3o de &#8220;p\u00e2nceps&#8221;, saiu o <a href=\"http:\/\/en.wikipedia.org\/wiki\/Shawarma\" target=\"_blank\">Shawarma<\/a>, sugerido em V6 \/ 8a, grau que pode variar conforme a sua envergadura. O nome foi inevit\u00e1vel ap\u00f3s nos deliciarmos no prov\u00e1vel melhor <a href=\"http:\/\/www.amirrestaurante.com.br\/\" target=\"_blank\">restaurante \u00e1rabe<\/a> da cidade. Depois de suar muito neste que era pra ser o boulder de &#8220;aquecimento&#8221;, nos rendemos \u00e0 tenta\u00e7\u00e3o de dar um tchibum nas \u00e1guas da lagoa&#8230; ta\u00ed uma \u00f3tima pedida para o pr\u00f3ximo ver\u00e3o!<\/p>\n<p>\u00a0<\/p>\n<h6 style=\"text-align:center;\"><a href=\"http:\/\/www.flickr.com\/photos\/cbrisighello\/3938517899\"><img loading=\"lazy\" decoding=\"async\" class=\"aligncenter\" title=\"Naoki no Shawarma, V6\" src=\"http:\/\/farm3.static.flickr.com\/2669\/3938517899_303696207e.jpg\" alt=\"\" width=\"500\" height=\"333\" \/><\/a><em>Naoki Arima se esticando todo pra buscar um abaolado\u00a0&#8211; Shawarma V6?<\/em><\/h6>\n<p>\u00a0<\/p>\n<p>Boa semana a todos!<\/p>\n<p>ps: confira o relato do Naoki, com mais fotos, <a href=\"http:\/\/naokiarima.com\/blogwp\/?p=1085\" target=\"_blank\">aqui<\/a>.<\/p>\n<p><em><br \/>\n<\/em><\/p>\n","protected":false},"excerpt":{"rendered":"<p>Neste s\u00e1bado, gra\u00e7as \u00e0 condu\u00e7\u00e3o da Fl\u00e1via, conhecemos um pouco da regi\u00e3o de Jacarepagu\u00e1 na zona oeste do RJ, mais precisamente os arredores da Pedra Hime. O local \u00e9 um pouco mais distante e talvez por isso n\u00e3o t\u00e3o frequentado, mas valeu muito a visita. A \u00e1rea pertence a uma das maiores florestas urbanas do&hellip;&nbsp;<a href=\"https:\/\/yuri.com.br\/claudio\/2009\/09\/21\/shawarma-e-tchibum\/\" rel=\"bookmark\">Continue a ler &raquo;<span class=\"screen-reader-text\">Shawarma e tchibum!<\/span><\/a><\/p>\n","protected":false},"author":2,"featured_media":0,"comment_status":"open","ping_status":"open","sticky":false,"template":"","format":"standard","meta":{"neve_meta_sidebar":"","neve_meta_container":"","neve_meta_enable_content_width":"","neve_meta_content_width":0,"neve_meta_title_alignment":"","neve_meta_author_avatar":"","neve_post_elements_order":"","neve_meta_disable_header":"","neve_meta_disable_footer":"","neve_meta_disable_title":"","jetpack_post_was_ever_published":false,"_jetpack_newsletter_access":"","_jetpack_dont_email_post_to_subs":false,"_jetpack_newsletter_tier_id":0,"_jetpack_memberships_contains_paywalled_content":false,"_jetpack_memberships_contains_paid_content":false,"footnotes":"","jetpack_publicize_message":"","jetpack_publicize_feature_enabled":true,"jetpack_social_post_already_shared":false,"jetpack_social_options":{"image_generator_settings":{"template":"highway","default_image_id":0,"font":"","enabled":false},"version":2}},"categories":[2,3],"tags":[],"class_list":["post-1056","post","type-post","status-publish","format-standard","hentry","category-baixa-gastronomia","category-escalada"],"jetpack_publicize_connections":[],"jetpack_featured_media_url":"","jetpack_shortlink":"https:\/\/wp.me\/p4i7cB-h2","jetpack_sharing_enabled":true,"jetpack-related-posts":[{"id":592,"url":"https:\/\/yuri.com.br\/claudio\/2009\/04\/27\/mais-2-fotos\/","url_meta":{"origin":1056,"position":0},"title":"Mais 2 fotos","author":"claudio","date":"27\/abr\/2009","format":false,"excerpt":"Continuando o \"di\u00e1rio de experi\u00eancias fotogr\u00e1ficas\" na escalada: As 2 imagens acima seguem uma caracter\u00edstica comum, que \u00e9 o enquadramento maior do sujeito. Isso elimina alguns aspectos mais amplos (principalmente em vias) como as quest\u00f5es \"aonde o escalador est\u00e1 indo?\" ou \"como \u00e9 esta linha toda?\". Por outro lado, abre-se\u2026","rel":"","context":"Em &quot;Escalada&quot;","block_context":{"text":"Escalada","link":"https:\/\/yuri.com.br\/claudio\/category\/escalada\/"},"img":{"alt_text":"","src":"https:\/\/i0.wp.com\/farm4.static.flickr.com\/3369\/3416825590_5ba4029f74.jpg?resize=350%2C200","width":350,"height":200},"classes":[]},{"id":7159,"url":"https:\/\/yuri.com.br\/claudio\/2014\/02\/03\/back-to-the-future\/","url_meta":{"origin":1056,"position":1},"title":"De volta para o &#8220;futuro&#8221;","author":"Cl\u00e1udio Brisighello","date":"3\/fev\/2014","format":false,"excerpt":"O fim de ano aqui vem sendo marcado por um per\u00edodo de menos escaladas e mais explora\u00e7\u00f5es ou preparativos. N\u00e3o sei se \u00e9 a idade avan\u00e7ando, mas n\u00e3o consigo mais escalar nesse clima de inferno ver\u00e3o, melhor tem sido treinar o \"condicionamento de guerra\" limpando blocos ou, como ouvi de\u2026","rel":"","context":"Em &quot;Escalada&quot;","block_context":{"text":"Escalada","link":"https:\/\/yuri.com.br\/claudio\/category\/escalada\/"},"img":{"alt_text":"","src":"","width":0,"height":0},"classes":[]},{"id":1473,"url":"https:\/\/yuri.com.br\/claudio\/2010\/02\/08\/easy-like-sunday-morning\/","url_meta":{"origin":1056,"position":2},"title":"Easy like sunday morning","author":"claudio","date":"8\/fev\/2010","format":false,"excerpt":"Desde o \u00ednicio do ano, ando um pouco ocupado nos finais de semana, viajando para tratar de uns assuntos pessoais... mas neste \u00faltimo domingo, criei vergonha na cara e acordei cedo pra encarar uma escaladinha sob um calor mais ameno. A primeira motiva\u00e7\u00e3o era o boulder Macumba, meu eterno projeto\u2026","rel":"","context":"Em &quot;'Baixa' Gastronomia&quot;","block_context":{"text":"'Baixa' Gastronomia","link":"https:\/\/yuri.com.br\/claudio\/category\/baixa-gastronomia\/"},"img":{"alt_text":"","src":"https:\/\/i0.wp.com\/yuri.com.br\/claudio\/wp-content\/uploads\/2010\/02\/urca_berlota_sequence_small.jpg?resize=350%2C200&ssl=1","width":350,"height":200,"srcset":"https:\/\/i0.wp.com\/yuri.com.br\/claudio\/wp-content\/uploads\/2010\/02\/urca_berlota_sequence_small.jpg?resize=350%2C200&ssl=1 1x, https:\/\/i0.wp.com\/yuri.com.br\/claudio\/wp-content\/uploads\/2010\/02\/urca_berlota_sequence_small.jpg?resize=525%2C300&ssl=1 1.5x, https:\/\/i0.wp.com\/yuri.com.br\/claudio\/wp-content\/uploads\/2010\/02\/urca_berlota_sequence_small.jpg?resize=700%2C400&ssl=1 2x"},"classes":[]},{"id":1175,"url":"https:\/\/yuri.com.br\/claudio\/2009\/11\/09\/la-vem-o-sol\/","url_meta":{"origin":1056,"position":3},"title":"L\u00e1 vem o sol","author":"claudio","date":"9\/nov\/2009","format":false,"excerpt":"Ainda n\u00e3o aclimatado com esse solz\u00e3o SINISTRO, vou me viciando nos ambientes refrigerados. Tenho um certo orgulho de viver num local onde rola caminhar at\u00e9 uns 5 cinemas diferentes em um raio de 500m. N\u00e3o costumo escrever sobre isso mas, como o filme foi ducaralho, fica aqui minha recomenda\u00e7\u00e3o: Bastardos\u2026","rel":"","context":"Em &quot;Escalada&quot;","block_context":{"text":"Escalada","link":"https:\/\/yuri.com.br\/claudio\/category\/escalada\/"},"img":{"alt_text":"","src":"https:\/\/i0.wp.com\/farm3.static.flickr.com\/2577\/4088067628_42b8bf2c47_o.jpg?resize=350%2C200","width":350,"height":200,"srcset":"https:\/\/i0.wp.com\/farm3.static.flickr.com\/2577\/4088067628_42b8bf2c47_o.jpg?resize=350%2C200 1x, https:\/\/i0.wp.com\/farm3.static.flickr.com\/2577\/4088067628_42b8bf2c47_o.jpg?resize=525%2C300 1.5x, https:\/\/i0.wp.com\/farm3.static.flickr.com\/2577\/4088067628_42b8bf2c47_o.jpg?resize=700%2C400 2x"},"classes":[]},{"id":7078,"url":"https:\/\/yuri.com.br\/claudio\/2014\/01\/28\/summer-sessions\/","url_meta":{"origin":1056,"position":4},"title":"Summer sessions","author":"Cl\u00e1udio Brisighello","date":"28\/jan\/2014","format":false,"excerpt":"Mais uma pr\u00e9-temporada, este ano excepcionalmente menos chuvoso por aqui. E os mesmos dilemas: dedicar aos treinos, dedicar aos preparativos de novas pedras, ou apertar regletes ensebados? Confesso que a 2\u00aa op\u00e7\u00e3o tem prevalecido mas, com a \"vibe\" dos parceiros fan\u00e1ticos, ficou dif\u00edcil negar uma degusta\u00e7\u00e3o boulder\u00edstica na Ana Chata,\u2026","rel":"","context":"Em &quot;Escalada&quot;","block_context":{"text":"Escalada","link":"https:\/\/yuri.com.br\/claudio\/category\/escalada\/"},"img":{"alt_text":"JUNGLE BOULDERING!","src":"https:\/\/i0.wp.com\/yuri.com.br\/claudio\/wp-content\/uploads\/2013\/05\/AnaChata_Lello_ForaDeFoco.jpg?resize=350%2C200","width":350,"height":200,"srcset":"https:\/\/i0.wp.com\/yuri.com.br\/claudio\/wp-content\/uploads\/2013\/05\/AnaChata_Lello_ForaDeFoco.jpg?resize=350%2C200 1x, https:\/\/i0.wp.com\/yuri.com.br\/claudio\/wp-content\/uploads\/2013\/05\/AnaChata_Lello_ForaDeFoco.jpg?resize=525%2C300 1.5x, https:\/\/i0.wp.com\/yuri.com.br\/claudio\/wp-content\/uploads\/2013\/05\/AnaChata_Lello_ForaDeFoco.jpg?resize=700%2C400 2x"},"classes":[]},{"id":1573,"url":"https:\/\/yuri.com.br\/claudio\/2010\/02\/25\/centro-de-escalada-jpa\/","url_meta":{"origin":1056,"position":5},"title":"Centro de Escalada JPA","author":"claudio","date":"25\/fev\/2010","format":false,"excerpt":"Estive esses dias no novo \"Centro de Escalada JPA\", na zona oeste do Rio. Que eu me lembre, a \u00faltima vez que a regi\u00e3o contou com um muro decente aberto ao p\u00fablico foi em 2005, no extinto muro do Juba, velhos tempos... Eu (rec\u00e9m mudado ao RJ), Caio (pra variar\u2026","rel":"","context":"Em &quot;Escalada&quot;","block_context":{"text":"Escalada","link":"https:\/\/yuri.com.br\/claudio\/category\/escalada\/"},"img":{"alt_text":"","src":"https:\/\/i0.wp.com\/yuri.com.br\/claudio\/wp-content\/uploads\/2010\/02\/escaladabr_2.jpg?resize=350%2C200&ssl=1","width":350,"height":200,"srcset":"https:\/\/i0.wp.com\/yuri.com.br\/claudio\/wp-content\/uploads\/2010\/02\/escaladabr_2.jpg?resize=350%2C200&ssl=1 1x, https:\/\/i0.wp.com\/yuri.com.br\/claudio\/wp-content\/uploads\/2010\/02\/escaladabr_2.jpg?resize=525%2C300&ssl=1 1.5x"},"classes":[]}],"_links":{"self":[{"href":"https:\/\/yuri.com.br\/claudio\/wp-json\/wp\/v2\/posts\/1056","targetHints":{"allow":["GET"]}}],"collection":[{"href":"https:\/\/yuri.com.br\/claudio\/wp-json\/wp\/v2\/posts"}],"about":[{"href":"https:\/\/yuri.com.br\/claudio\/wp-json\/wp\/v2\/types\/post"}],"author":[{"embeddable":true,"href":"https:\/\/yuri.com.br\/claudio\/wp-json\/wp\/v2\/users\/2"}],"replies":[{"embeddable":true,"href":"https:\/\/yuri.com.br\/claudio\/wp-json\/wp\/v2\/comments?post=1056"}],"version-history":[{"count":0,"href":"https:\/\/yuri.com.br\/claudio\/wp-json\/wp\/v2\/posts\/1056\/revisions"}],"wp:attachment":[{"href":"https:\/\/yuri.com.br\/claudio\/wp-json\/wp\/v2\/media?parent=1056"}],"wp:term":[{"taxonomy":"category","embeddable":true,"href":"https:\/\/yuri.com.br\/claudio\/wp-json\/wp\/v2\/categories?post=1056"},{"taxonomy":"post_tag","embeddable":true,"href":"https:\/\/yuri.com.br\/claudio\/wp-json\/wp\/v2\/tags?post=1056"}],"curies":[{"name":"wp","href":"https:\/\/api.w.org\/{rel}","templated":true}]}}