{"id":103,"date":"2008-08-13T19:46:35","date_gmt":"2008-08-13T19:46:35","guid":{"rendered":"http:\/\/claudiobr.wordpress.com\/?p=103"},"modified":"2008-08-13T19:46:35","modified_gmt":"2008-08-13T19:46:35","slug":"ii-etapa-do-campeonato-estadualrj-de-boulder-2008","status":"publish","type":"post","link":"https:\/\/yuri.com.br\/claudio\/2008\/08\/13\/ii-etapa-do-campeonato-estadualrj-de-boulder-2008\/","title":{"rendered":"II Etapa do Campeonato Estadual\/RJ"},"content":{"rendered":"<p>Bora participar galera! \u00c9 preciso prestigiar a iniciativa, lembrando que o RJ carece de gin\u00e1sios e j\u00e1 teve etapa do brasileiro cancelada este ano&#8230; me desculpem a alfinetada, mas quem ignora esses eventos s\u00f3 porque n\u00e3o curtem &#8220;competi\u00e7\u00e3o&#8221; ou preferem as pedras (que abundam dentro da cidade), est\u00e1 cuspindo no prato que come. <\/p>\n<div class=\"nv-iframe-embed\"><span class=\"embed-youtube\" style=\"text-align:center; display: block;\"><iframe loading=\"lazy\" class=\"youtube-player\" width=\"1200\" height=\"675\" src=\"https:\/\/www.youtube.com\/embed\/pwem2Wn7FcE?version=3&#038;rel=1&#038;showsearch=0&#038;showinfo=1&#038;iv_load_policy=1&#038;fs=1&#038;hl=pt-BR&#038;autohide=2&#038;wmode=transparent\" allowfullscreen=\"true\" style=\"border:0;\" sandbox=\"allow-scripts allow-same-origin allow-popups allow-presentation allow-popups-to-escape-sandbox\"><\/iframe><\/span><\/div><br \/>\n<strong>ETAPA PAULO MACACO \u2013 II Etapa do Campeonato Estadual\/RJ de Boulder 2008.<\/strong><br \/>\n&#8211; Local: ESCALADA INDOOR ICARA\u00cd.<br \/>\n&#8211; Endere\u00e7o: Clube Rio Cricket, Rua Fagundes Varela, 637 &#8211; Icara\u00ed \u2013 Niter\u00f3i \u2013 RJ.<br \/>\n&#8211; Modalidade: Boulder.<br \/>\n&#8211; Route-setter: Ralf C\u00f4rtes.<br \/>\n&#8211; Organiza\u00e7\u00e3o: Patricia Mattos.<br \/>\n&#8211; Categorias: Iniciante masculino e feminino e Master masculino e feminino.<br \/>\n&#8211; In\u00edcio da competi\u00e7\u00e3o: 09h.<br \/>\n&#8211; Isolamento: Abertura \u00e0s 08h e fechamento \u00e0s 08h30min.<br \/>\n&#8211; Inscri\u00e7\u00f5es e pagamento: At\u00e9 o dia 15\/08 no Escalada Indoor Icara\u00ed ou pelo site da FEMERJ. Link para inscri\u00e7\u00e3o: <a href=\"http:\/\/www.femerj.org\/departamentos\/competicoes_ficha_atletas.asp%3Cbr%20\/%3E\" target=\"_blank\">CLIQUE AQUI<\/a><br \/>\n&#8211; Valor da inscri\u00e7\u00e3o: R$ 30,00.<br \/>\n&#8211; Como pagar: No Escalada Indoor Icara\u00ed ou dep\u00f3sito no Banco BRADESCO, Ag\u00eancia 3086, c\/poupan\u00e7a 1003780-8, Patricia C. de Mattos.<br \/>\n<em>N\u00c3O ser\u00e3o aceitas de forma alguma, inscri\u00e7\u00f5es no dia da competi\u00e7\u00e3o.<br \/>\nO comprovante de dep\u00f3sito deve ser entregue no dia da competi\u00e7\u00e3o at\u00e9 o hor\u00e1rio do fechamento do isolamento .<br \/>\nOs atletas menores de idade devem comparecer com autoriza\u00e7\u00e3o para competir dos respons\u00e1veis.<br \/>\nNo termo de responsabilidade do menor devem constar: RG e assinatura do respons\u00e1vel , al\u00e9m da data da etapa, 17 de agosto de 2008.<\/em><br \/>\n&#8211; Informa\u00e7\u00f5es adicionais: (21) 2704.3034 (resid\u00eancia), (21) 2717.5333 ramal:20, (21) 9787.9236<\/p>\n<p>Realiza\u00e7\u00e3o: ESCALADA INDOOR ICARA\u00cd e FEMERJ.<br \/>\nApoio: V12 Agarras, Lechen e Plural Mix.<\/p>\n<p>\n<em><strong>fonte: <\/strong><\/em> <a href=\"http:\/\/lojinhadeescalada.blogspot.com\/2008\/08\/ii-etapa-do-campeonato-estadualrj-de.html\" target=\"_blank\">Blog da Lojinha de Escalada<\/a><\/p>\n","protected":false},"excerpt":{"rendered":"<p>Bora participar galera! \u00c9 preciso prestigiar a iniciativa, lembrando que o RJ carece de gin\u00e1sios e j\u00e1 teve etapa do brasileiro cancelada este ano&#8230; me desculpem a alfinetada, mas quem ignora esses eventos s\u00f3 porque n\u00e3o curtem &#8220;competi\u00e7\u00e3o&#8221; ou preferem as pedras (que abundam dentro da cidade), est\u00e1 cuspindo no prato que come. ETAPA PAULO&hellip;&nbsp;<a href=\"https:\/\/yuri.com.br\/claudio\/2008\/08\/13\/ii-etapa-do-campeonato-estadualrj-de-boulder-2008\/\" rel=\"bookmark\">Continue a ler &raquo;<span class=\"screen-reader-text\">II Etapa do Campeonato Estadual\/RJ<\/span><\/a><\/p>\n","protected":false},"author":2,"featured_media":0,"comment_status":"open","ping_status":"open","sticky":false,"template":"","format":"standard","meta":{"neve_meta_sidebar":"","neve_meta_container":"","neve_meta_enable_content_width":"","neve_meta_content_width":0,"neve_meta_title_alignment":"","neve_meta_author_avatar":"","neve_post_elements_order":"","neve_meta_disable_header":"","neve_meta_disable_footer":"","neve_meta_disable_title":"","jetpack_post_was_ever_published":false,"_jetpack_newsletter_access":"","_jetpack_dont_email_post_to_subs":false,"_jetpack_newsletter_tier_id":0,"_jetpack_memberships_contains_paywalled_content":false,"_jetpack_memberships_contains_paid_content":false,"footnotes":"","jetpack_publicize_message":"","jetpack_publicize_feature_enabled":true,"jetpack_social_post_already_shared":false,"jetpack_social_options":{"image_generator_settings":{"template":"highway","default_image_id":0,"font":"","enabled":false},"version":2}},"categories":[3],"tags":[36,125],"class_list":["post-103","post","type-post","status-publish","format-standard","hentry","category-escalada","tag-campeonato","tag-escalada"],"jetpack_publicize_connections":[],"jetpack_featured_media_url":"","jetpack_shortlink":"https:\/\/wp.me\/p4i7cB-1F","jetpack_sharing_enabled":true,"jetpack-related-posts":[{"id":811,"url":"https:\/\/yuri.com.br\/claudio\/2009\/07\/01\/2%c2%aa-etapa-do-campeonato-estadual-de-boulder-2009-rj\/","url_meta":{"origin":103,"position":0},"title":"2\u00aa ETAPA DO CAMPEONATO ESTADUAL DE BOULDER 2009 &#8211; RJ","author":"claudio","date":"1\/jul\/2009","format":false,"excerpt":"Divulgando: \"Ol\u00e1 !! Acontecer\u00e1 no dia\u00a005 de julho, a 2\u00aa Etapa do Campeonato Estadual de Boulder 2009 - RJ. Confiram\u00a0o V\u00eddeo Anima\u00e7\u00e3o com as informa\u00e7\u00f5es da 2\u00aa Etapa do Campeonato Estadual de Boulder 2009 - RJ. Ligue o SOM!!! ATEN\u00c7\u00c3O COMPETIDORES: N\u00e3o esque\u00e7am de se filiar ou atualizar sua situa\u00e7\u00e3o\u2026","rel":"","context":"Em &quot;Escalada&quot;","block_context":{"text":"Escalada","link":"https:\/\/yuri.com.br\/claudio\/category\/escalada\/"},"img":{"alt_text":"","src":"https:\/\/i0.wp.com\/img.youtube.com\/vi\/7ygXjDkP_z8\/0.jpg?resize=350%2C200","width":350,"height":200},"classes":[]},{"id":201,"url":"https:\/\/yuri.com.br\/claudio\/2008\/09\/09\/iii-etapa-do-campeonato-estadualrj-de-boulder-2008-nova-friburgo\/","url_meta":{"origin":103,"position":1},"title":"III Etapa do Campeonato Estadual\/RJ de Boulder 2008 &#8211; Nova Friburgo","author":"claudio","date":"9\/set\/2008","format":false,"excerpt":"\"Bom Pessoal, como todos estavam esperando a\u00ed est\u00e1 o convite para a etapa de boulder aqui da Planeta Vertical. Contamos com a vinda dos atletas participantes do ranking e aqueles que queiram tamb\u00e9m prestigiar essa etapa\" - Leandro S. Nogueira \/ Planeta Vertical 13 de Setembro a partir das 9:30\u2026","rel":"","context":"Em &quot;Escalada&quot;","block_context":{"text":"Escalada","link":"https:\/\/yuri.com.br\/claudio\/category\/escalada\/"},"img":{"alt_text":"","src":"","width":0,"height":0},"classes":[]},{"id":254,"url":"https:\/\/yuri.com.br\/claudio\/2008\/10\/31\/sobre-o-campeonato-estadual-de-boulder-rj-2008\/","url_meta":{"origin":103,"position":2},"title":"Sobre o Campeonato Estadual de Boulder RJ 2008","author":"claudio","date":"31\/out\/2008","format":false,"excerpt":"Neste m\u00eas de outubro\u00a0terminou o Campeonato Estadual de Escalada (Boulder) do RJ 2008. Sobre os resultados oficiais eu indico 2 artigos: Blog da Lojinha de Escalada Blog do Caio Gomes E clicando neste link pode-se conferir algumas fotos que fiz desta \u00faltima etapa na Limite Vertical. Aproveito este espa\u00e7o para\u2026","rel":"","context":"Em &quot;Escalada&quot;","block_context":{"text":"Escalada","link":"https:\/\/yuri.com.br\/claudio\/category\/escalada\/"},"img":{"alt_text":"","src":"https:\/\/i0.wp.com\/yuri.com.br\/claudio\/wp-content\/uploads\/2008\/10\/jornaldossports_estadualrj2008.jpg?resize=350%2C200&ssl=1","width":350,"height":200,"srcset":"https:\/\/i0.wp.com\/yuri.com.br\/claudio\/wp-content\/uploads\/2008\/10\/jornaldossports_estadualrj2008.jpg?resize=350%2C200&ssl=1 1x, https:\/\/i0.wp.com\/yuri.com.br\/claudio\/wp-content\/uploads\/2008\/10\/jornaldossports_estadualrj2008.jpg?resize=525%2C300&ssl=1 1.5x, https:\/\/i0.wp.com\/yuri.com.br\/claudio\/wp-content\/uploads\/2008\/10\/jornaldossports_estadualrj2008.jpg?resize=700%2C400&ssl=1 2x"},"classes":[]},{"id":713,"url":"https:\/\/yuri.com.br\/claudio\/2009\/05\/24\/video-campeonato-estadual-rj-1a-etapa\/","url_meta":{"origin":103,"position":3},"title":"V\u00eddeo &#8211; Campeonato Estadual RJ (1a. Etapa)","author":"claudio","date":"24\/maio\/2009","format":false,"excerpt":"Segue mais um v\u00eddeo\/curta feito com carinho no formato widescreen mais trilhas escolhidas a dedo :-) Desta vez do campeonato estadual aqui do RJ, categoria dos marmanjos: \u00c9 s\u00f3 uma lembrancinha mesmo, pois percebi que filmar, competir, dar seg, trabalhar 50hs por semana, etc - dificulta um pouco o resultado\u2026","rel":"","context":"Em &quot;Escalada&quot;","block_context":{"text":"Escalada","link":"https:\/\/yuri.com.br\/claudio\/category\/escalada\/"},"img":{"alt_text":"","src":"","width":0,"height":0},"classes":[]},{"id":683,"url":"https:\/\/yuri.com.br\/claudio\/2009\/05\/11\/adam-ondra-da-silva-jr\/","url_meta":{"origin":103,"position":4},"title":"&#8220;Adam Ondra da Silva Jr&#8221;","author":"claudio","date":"11\/maio\/2009","format":false,"excerpt":"Como n\u00e3o terei mto tempo pra editar t\u00e3o cedo as imagens da 1a. etapa do Estadual\/RJ, disponibilizei um \"raw footage\" desse moleque (Jo\u00e3o Matheus, 11 anos) pra n\u00e3o passar batido: Ta\u00ed mais um motivo pra vc participar e prestigiar os campeonatos, estimulando a manter mais um caminho aberto para que\u00a0\u2026","rel":"","context":"Em &quot;Escalada&quot;","block_context":{"text":"Escalada","link":"https:\/\/yuri.com.br\/claudio\/category\/escalada\/"},"img":{"alt_text":"","src":"","width":0,"height":0},"classes":[]},{"id":118,"url":"https:\/\/yuri.com.br\/claudio\/2008\/08\/18\/2a-etapa-campeonato-carioca-2008\/","url_meta":{"origin":103,"position":5},"title":"2a. Etapa Campeonato Carioca 2008","author":"claudio","date":"18\/ago\/2008","format":false,"excerpt":"Rolou neste \u00faltimo domingo a segunda etapa do campeonato carioca de escalada, \"etapa Paulo Macaco\", realizada no muro da Patr\u00edcia em Niter\u00f3i (modalidade boulder). Participaram na montagem das rotas Ralf C\u00f4rtes, F\u00e1bio Muniz e Ant\u00f4nio Sergio. O formato foi dividido em 2 etapas, cada uma como 3 problemas, tentados em\u2026","rel":"","context":"Em &quot;Escalada&quot;","block_context":{"text":"Escalada","link":"https:\/\/yuri.com.br\/claudio\/category\/escalada\/"},"img":{"alt_text":"","src":"https:\/\/i0.wp.com\/yuri.com.br\/claudio\/wp-content\/uploads\/2008\/08\/nikit_eric.jpg?resize=350%2C200&ssl=1","width":350,"height":200,"srcset":"https:\/\/i0.wp.com\/yuri.com.br\/claudio\/wp-content\/uploads\/2008\/08\/nikit_eric.jpg?resize=350%2C200&ssl=1 1x, https:\/\/i0.wp.com\/yuri.com.br\/claudio\/wp-content\/uploads\/2008\/08\/nikit_eric.jpg?resize=525%2C300&ssl=1 1.5x, https:\/\/i0.wp.com\/yuri.com.br\/claudio\/wp-content\/uploads\/2008\/08\/nikit_eric.jpg?resize=700%2C400&ssl=1 2x"},"classes":[]}],"_links":{"self":[{"href":"https:\/\/yuri.com.br\/claudio\/wp-json\/wp\/v2\/posts\/103","targetHints":{"allow":["GET"]}}],"collection":[{"href":"https:\/\/yuri.com.br\/claudio\/wp-json\/wp\/v2\/posts"}],"about":[{"href":"https:\/\/yuri.com.br\/claudio\/wp-json\/wp\/v2\/types\/post"}],"author":[{"embeddable":true,"href":"https:\/\/yuri.com.br\/claudio\/wp-json\/wp\/v2\/users\/2"}],"replies":[{"embeddable":true,"href":"https:\/\/yuri.com.br\/claudio\/wp-json\/wp\/v2\/comments?post=103"}],"version-history":[{"count":0,"href":"https:\/\/yuri.com.br\/claudio\/wp-json\/wp\/v2\/posts\/103\/revisions"}],"wp:attachment":[{"href":"https:\/\/yuri.com.br\/claudio\/wp-json\/wp\/v2\/media?parent=103"}],"wp:term":[{"taxonomy":"category","embeddable":true,"href":"https:\/\/yuri.com.br\/claudio\/wp-json\/wp\/v2\/categories?post=103"},{"taxonomy":"post_tag","embeddable":true,"href":"https:\/\/yuri.com.br\/claudio\/wp-json\/wp\/v2\/tags?post=103"}],"curies":[{"name":"wp","href":"https:\/\/api.w.org\/{rel}","templated":true}]}}