{"id":1029,"date":"2009-09-01T22:10:46","date_gmt":"2009-09-01T22:10:46","guid":{"rendered":"http:\/\/claudiobr.wordpress.com\/?p=1029"},"modified":"2009-09-01T22:10:46","modified_gmt":"2009-09-01T22:10:46","slug":"splinter","status":"publish","type":"post","link":"https:\/\/yuri.com.br\/claudio\/2009\/09\/01\/splinter\/","title":{"rendered":"Splinter"},"content":{"rendered":"<p>Esses dias ao ler um post no <a href=\"http:\/\/www.b3bouldering.com\" target=\"_blank\">B3Bouldering<\/a> (Jamie Emerson), me lembrei deste curta de 4min. da <a href=\"http:\/\/www.slackjaw.co.uk\/climbingfilms\/splinter.html\" target=\"_blank\">Slackjaw<\/a> (produtora do filme &#8220;Hard Grit&#8221;) chamado &#8220;<strong>Splinter<\/strong>&#8220;.<\/p>\n<p>\u00c9 antigo, feito em um pequeno quarto, sem falar do ingl\u00eas com sotaque &#8220;eg\u00edpcio&#8221;. Ainda assim, gosto muito do filme e por isso compartilho aqui. Botei tamb\u00e9m na <a href=\"http:\/\/www.escaladacafe.com.br\/videos\/Indoor\" target=\"_blank\">galeria do Escalada Caf\u00e9<\/a>.<\/p>\n<p style=\"text-align:center;\"><div class=\"nv-iframe-embed\"><span class=\"embed-youtube\" style=\"text-align:center; display: block;\"><iframe loading=\"lazy\" class=\"youtube-player\" width=\"1200\" height=\"675\" src=\"https:\/\/www.youtube.com\/embed\/vCFLB0lLAl8?version=3&#038;rel=1&#038;showsearch=0&#038;showinfo=1&#038;iv_load_policy=1&#038;fs=1&#038;hl=pt-BR&#038;autohide=2&#038;wmode=transparent\" allowfullscreen=\"true\" style=\"border:0;\" sandbox=\"allow-scripts allow-same-origin allow-popups allow-presentation allow-popups-to-escape-sandbox\"><\/iframe><\/span><\/div>\n<p>Trata-se de um problema realizado pelo escoc\u00eas <strong>Malcolm Smith<\/strong> no underground de seu murinho caseiro, antes de fazer a hist\u00f3rica 2a. ascen\u00e7\u00e3o da Hubble 8c+. O cara curte treinar tanto qto escalar na pedra. A fotografia em preto\/branco, a utiliza\u00e7\u00e3o de uma grua e a boa trilha do David Holmes ajudam na atmosfera.<\/p>\n<p>Para alguns, pode ser um v\u00eddeo chato e sem sentido&#8230; pra mim, o &#8220;insight cultural&#8221; \u00e9 profundo :-)<\/p>\n","protected":false},"excerpt":{"rendered":"<p>Esses dias ao ler um post no B3Bouldering (Jamie Emerson), me lembrei deste curta de 4min. da Slackjaw (produtora do filme &#8220;Hard Grit&#8221;) chamado &#8220;Splinter&#8220;. \u00c9 antigo, feito em um pequeno quarto, sem falar do ingl\u00eas com sotaque &#8220;eg\u00edpcio&#8221;. Ainda assim, gosto muito do filme e por isso compartilho aqui. Botei tamb\u00e9m na galeria do&hellip;&nbsp;<a href=\"https:\/\/yuri.com.br\/claudio\/2009\/09\/01\/splinter\/\" rel=\"bookmark\">Continue a ler &raquo;<span class=\"screen-reader-text\">Splinter<\/span><\/a><\/p>\n","protected":false},"author":2,"featured_media":0,"comment_status":"open","ping_status":"open","sticky":false,"template":"","format":"standard","meta":{"neve_meta_sidebar":"","neve_meta_container":"","neve_meta_enable_content_width":"","neve_meta_content_width":0,"neve_meta_title_alignment":"","neve_meta_author_avatar":"","neve_post_elements_order":"","neve_meta_disable_header":"","neve_meta_disable_footer":"","neve_meta_disable_title":"","jetpack_post_was_ever_published":false,"_jetpack_newsletter_access":"","_jetpack_dont_email_post_to_subs":false,"_jetpack_newsletter_tier_id":0,"_jetpack_memberships_contains_paywalled_content":false,"_jetpack_memberships_contains_paid_content":false,"footnotes":"","jetpack_publicize_message":"","jetpack_publicize_feature_enabled":true,"jetpack_social_post_already_shared":false,"jetpack_social_options":{"image_generator_settings":{"template":"highway","default_image_id":0,"font":"","enabled":false},"version":2}},"categories":[3],"tags":[],"class_list":["post-1029","post","type-post","status-publish","format-standard","hentry","category-escalada"],"jetpack_publicize_connections":[],"jetpack_featured_media_url":"","jetpack_shortlink":"https:\/\/wp.me\/s4i7cB-splinter","jetpack_sharing_enabled":true,"jetpack-related-posts":[{"id":17,"url":"https:\/\/yuri.com.br\/claudio\/2008\/07\/23\/expo\/","url_meta":{"origin":1029,"position":0},"title":"EXPO!","author":"claudio","date":"23\/jul\/2008","format":false,"excerpt":"Estou montando uma galeria fotogr\u00e1fica, a princ\u00edpio focada no assunto da escalada, com o intuito de divulg\u00e1-la por a\u00ed afora (por isso as descri\u00e7\u00f5es est\u00e3o em ingl\u00eas). Tamb\u00e9m, foi uma maneira que encontrei de expressar melhor esse meu tes\u00e3o intraduz\u00edvel pela pedra. Como n\u00e3o curto uma xenofobia, boto f\u00e9 que\u2026","rel":"","context":"Em &quot;Escalada&quot;","block_context":{"text":"Escalada","link":"https:\/\/yuri.com.br\/claudio\/category\/escalada\/"},"img":{"alt_text":"","src":"https:\/\/i0.wp.com\/yuri.com.br\/claudio\/wp-content\/uploads\/2008\/07\/cb_logo.jpg?resize=350%2C200","width":350,"height":200},"classes":[]},{"id":809,"url":"https:\/\/yuri.com.br\/claudio\/2009\/06\/26\/pipoca\/","url_meta":{"origin":1029,"position":1},"title":"Pipoca","author":"claudio","date":"26\/jun\/2009","format":false,"excerpt":"Gra\u00e7as ao \"desapego\" de colegas, pude assistir ao esperado filme Masters of Stone VI, e desta vez compartilho o link e algumas impress\u00f5es: para quem n\u00e3o conhece, a s\u00e9rie Masters of Stone \u00e9 como um \"av\u00f4\" dos Dosage's, com direito a escaladores vestindo lycra e fazendo coisas extremas em diversas\u2026","rel":"","context":"Em &quot;Escalada&quot;","block_context":{"text":"Escalada","link":"https:\/\/yuri.com.br\/claudio\/category\/escalada\/"},"img":{"alt_text":"","src":"","width":0,"height":0},"classes":[]},{"id":1911,"url":"https:\/\/yuri.com.br\/claudio\/2010\/04\/23\/core-o-filme\/","url_meta":{"origin":1029,"position":2},"title":"CORE &#8211; o filme","author":"claudio","date":"23\/abr\/2010","format":false,"excerpt":"Um pouco de propaganda bem intencionada: Hoje a noite sigo pra SP, com o filme CORE em Full HD \"na mochila\", devidamente traduzido - 560 legendas (pra eu ter me dado esse trabalho, \u00e9 porque o filme \u00e9 mto mais que somente \"feitos de escalada\") - espero ver os amigos\u2026","rel":"","context":"Em &quot;Escalada&quot;","block_context":{"text":"Escalada","link":"https:\/\/yuri.com.br\/claudio\/category\/escalada\/"},"img":{"alt_text":"","src":"https:\/\/i0.wp.com\/www.escaladacafe.com.br\/files\/cartazCORE_web.jpg?resize=350%2C200","width":350,"height":200},"classes":[]},{"id":40,"url":"https:\/\/yuri.com.br\/claudio\/2008\/07\/31\/letranger-85-days-in-font\/","url_meta":{"origin":1029,"position":3},"title":"L\u2019\u00c9tranger &#8211; 85 days in Font","author":"claudio","date":"31\/jul\/2008","format":false,"excerpt":"Recomenda\u00e7\u00e3o de filminho. Recentemente um ingl\u00eas passou alguns meses em Fontainebleau e registrou tudo em v\u00eddeo. O resultado foi \"The Outsider\", esse longa de quase 1 hora de bouldering em um dos locais mais tradicionais do mundo (com uma breve passagem na Su\u00ed\u00e7a). Considerando as circunst\u00e2ncias \"caseiras\" do filme, a\u2026","rel":"","context":"Em &quot;Escalada&quot;","block_context":{"text":"Escalada","link":"https:\/\/yuri.com.br\/claudio\/category\/escalada\/"},"img":{"alt_text":"","src":"https:\/\/i0.wp.com\/yuri.com.br\/claudio\/wp-content\/uploads\/2008\/07\/bleau_forest1_small.jpg?resize=350%2C200&ssl=1","width":350,"height":200,"srcset":"https:\/\/i0.wp.com\/yuri.com.br\/claudio\/wp-content\/uploads\/2008\/07\/bleau_forest1_small.jpg?resize=350%2C200&ssl=1 1x, https:\/\/i0.wp.com\/yuri.com.br\/claudio\/wp-content\/uploads\/2008\/07\/bleau_forest1_small.jpg?resize=525%2C300&ssl=1 1.5x, https:\/\/i0.wp.com\/yuri.com.br\/claudio\/wp-content\/uploads\/2008\/07\/bleau_forest1_small.jpg?resize=700%2C400&ssl=1 2x"},"classes":[]},{"id":3763,"url":"https:\/\/yuri.com.br\/claudio\/2012\/06\/25\/regras-pra-que-te-quero\/","url_meta":{"origin":1029,"position":4},"title":"Regras pra que te quero","author":"claudio","date":"25\/jun\/2012","format":false,"excerpt":"Mais uma semana, e dessa vez propago aqui 2 v\u00eddeos diferentes que vi recentemente. O primeiro, mais popular, do Dai Koyamada fazendo o Story of Two Worlds, ou melhor, repetindo ele ap\u00f3s descobrir que tinha feito o in\u00edcio a partir de uma agarra de m\u00e3o direita diferente, por quest\u00e3o de\u2026","rel":"","context":"Em &quot;Escalada&quot;","block_context":{"text":"Escalada","link":"https:\/\/yuri.com.br\/claudio\/category\/escalada\/"},"img":{"alt_text":"","src":"","width":0,"height":0},"classes":[]},{"id":247,"url":"https:\/\/yuri.com.br\/claudio\/2008\/09\/29\/banff-2008-mostra-internacional-de-filmes-de-montanha\/","url_meta":{"origin":1029,"position":5},"title":"BANFF 2008 &#8211; Mostra Internacional de Filmes de Montanha","author":"claudio","date":"29\/set\/2008","format":false,"excerpt":"Acontece neste m\u00eas de outubro, a 7a. Mostra Internacional de Filmes de Montanha (Banff). Conforme edi\u00e7\u00f5es anteriores, a exibi\u00e7\u00e3o ser\u00e1 no belo e hist\u00f3rico Cine Odeon, no Rio de Janeiro. Como sempre, muitas cenas de a\u00e7\u00e3o, adrenalina, natureza, conscientiza\u00e7\u00e3o, etc! Fique antenado no site oficial para detalhes da programa\u00e7\u00e3o, que\u2026","rel":"","context":"Em &quot;Escalada&quot;","block_context":{"text":"Escalada","link":"https:\/\/yuri.com.br\/claudio\/category\/escalada\/"},"img":{"alt_text":"","src":"https:\/\/i0.wp.com\/escaladabrasil.com\/yuri\/BANFF-Uruca.jpg?resize=350%2C200","width":350,"height":200,"srcset":"https:\/\/i0.wp.com\/escaladabrasil.com\/yuri\/BANFF-Uruca.jpg?resize=350%2C200 1x, https:\/\/i0.wp.com\/escaladabrasil.com\/yuri\/BANFF-Uruca.jpg?resize=525%2C300 1.5x"},"classes":[]}],"_links":{"self":[{"href":"https:\/\/yuri.com.br\/claudio\/wp-json\/wp\/v2\/posts\/1029","targetHints":{"allow":["GET"]}}],"collection":[{"href":"https:\/\/yuri.com.br\/claudio\/wp-json\/wp\/v2\/posts"}],"about":[{"href":"https:\/\/yuri.com.br\/claudio\/wp-json\/wp\/v2\/types\/post"}],"author":[{"embeddable":true,"href":"https:\/\/yuri.com.br\/claudio\/wp-json\/wp\/v2\/users\/2"}],"replies":[{"embeddable":true,"href":"https:\/\/yuri.com.br\/claudio\/wp-json\/wp\/v2\/comments?post=1029"}],"version-history":[{"count":0,"href":"https:\/\/yuri.com.br\/claudio\/wp-json\/wp\/v2\/posts\/1029\/revisions"}],"wp:attachment":[{"href":"https:\/\/yuri.com.br\/claudio\/wp-json\/wp\/v2\/media?parent=1029"}],"wp:term":[{"taxonomy":"category","embeddable":true,"href":"https:\/\/yuri.com.br\/claudio\/wp-json\/wp\/v2\/categories?post=1029"},{"taxonomy":"post_tag","embeddable":true,"href":"https:\/\/yuri.com.br\/claudio\/wp-json\/wp\/v2\/tags?post=1029"}],"curies":[{"name":"wp","href":"https:\/\/api.w.org\/{rel}","templated":true}]}}