{"id":1000,"date":"2009-08-24T15:35:30","date_gmt":"2009-08-24T15:35:30","guid":{"rendered":"http:\/\/claudiobr.wordpress.com\/?p=1000"},"modified":"2009-08-24T15:35:30","modified_gmt":"2009-08-24T15:35:30","slug":"itajuba-festival-do-sul-de-minas","status":"publish","type":"post","link":"https:\/\/yuri.com.br\/claudio\/2009\/08\/24\/itajuba-festival-do-sul-de-minas\/","title":{"rendered":"Itajub\u00e1 &#8211; Festival do Sul de Minas"},"content":{"rendered":"<p>Neste \u00faltimo fds, mais uma viagem maneira, desta vez fomos respirar os ares do sul de minas e prestigiar o <a href=\"http:\/\/www.escaladacafe.com.br\/calendario\/2009\/08\/21\" target=\"_blank\">festival<\/a> anual que rola em Itajub\u00e1. Felizmente, S\u00e3o Pedro colaborou abrindo uma janela no meio dessa frente fria molhada!<\/p>\n<p>Foi apenas a minha 3a. visita, mas cada ida tem servido para refor\u00e7ar minha opini\u00e3o de que l\u00e1 \u00e9 um p\u00f3lo de escaladas de excelente qualidade e com organiza\u00e7\u00e3o exemplar (lembrando que muitos picos est\u00e3o situados em propriedades particulares). Seja a tua praia escalada esportiva, boulder ou tradicional, tem de tudo um pouco.<\/p>\n<p>Como estive l\u00e1 na <a href=\"http:\/\/claudiobr.wordpress.com\/2009\/04\/14\/pascoa-2009\/\">P\u00e1scoa<\/a> deste ano, desta vez fui com alguns objetivos mais espec\u00edficos: o primeiro era provar a via Waimea 9b na <em>Pedra da Piedade<\/em>, uma aresta negativa que fiquei namorando na \u00faltima vez, e realmente merece 5 estrelas conforme j\u00e1 ouvi dizer! Dei 2 pegas e na tentativa de cadena fui muito displicente ao atacar sequ\u00eancias erradas, e o excesso de imprevistos me esgotou l\u00e1 em cima. O <a href=\"http:\/\/www.naokiarima.com\" target=\"_blank\">Naoki<\/a> mandou muito bem, fazendo a via de segunda. A via merece muito ser revisitada, e com c\u00e2mera em m\u00e3os, pois o local \u00e9 super a\u00e9reo!! Recomendo demais!<\/p>\n<p>O outro objetivo era o boulder Psyco, um V10 l\u00e1 no s\u00edtio <em>Para\u00edso <\/em>(<em>dos &#8220;Bordis&#8221;<\/em>), sede do festival este ano. Este eu j\u00e1 havia experimentado anteriormente, e desta vez ap\u00f3s uma noite bem dormida (regada ao <a href=\"http:\/\/www.qype.com.br\/place\/preview\/br-767678-bar-do-valdomiro-itajuba\" target=\"_blank\">melhor torresmo<\/a> que comi este ano, diga-se de passagem :-), rolou a cadena, seguida do Naoki e ainda depois o Mury (Passa Vinte) abriu uma variante que inclui um longo din\u00e2mico no agarr\u00e3o do boulder &#8220;45&#8221;! Ali\u00e1s, esta alma caiu do c\u00e9u por l\u00e1, pois um beta precioso foi compartilhado. A cave deste bloco \u00e9 &#8220;gringa&#8221;, lembra aqueles granitos mais claros, duros e polidos.<\/p>\n<p>Ainda nos blocos, gostei de ver o Alexis evoluindo nos problemas e surpreendendo, passando pelo cl\u00e1ssico Febre Reum\u00e1tica V5 em flash! A vibe tava muito boa, todos se divertindo com as pedras e nada mais al\u00e9m de pedras&#8230;<\/p>\n<p>A \u00fanica coisa lament\u00e1vel mesmo, foi o &#8220;esperto&#8221; que vos escreve ter esquecido a filmadora ligada da noite pro dia, zerando sua bateria. Uma pena, pois o evento foi digno de documenta\u00e7\u00e3o. Falando nisso, aproveitei a mem\u00f3ria fresca na cabe\u00e7a e atualizei o &#8220;<a href=\"http:\/\/www.escaladacafe.com.br\/mapa\" target=\"_blank\">Mapa de Escaladas<\/a>&#8220;, \u00faltimo lan\u00e7amento de <strong>utilidade p\u00fablica<\/strong> do <a href=\"http:\/\/www.escaladacafe.com.br\" target=\"_blank\">Escalada Caf\u00e9<\/a>:<\/p>\n<p style=\"text-align:center;\"><a href=\"http:\/\/www.escaladacafe.com.br\/mapa\/paraiso-dos-bordis\" target=\"_blank\">http:\/\/www.escaladacafe.com.br\/mapa\/paraiso-dos-bordis<\/a><\/p>\n<p style=\"text-align:center;\"><a href=\"http:\/\/www.escaladacafe.com.br\/mapa\/pedra-da-piedade\" target=\"_blank\">http:\/\/www.escaladacafe.com.br\/mapa\/pedra-da-piedade<\/a><\/p>\n<p style=\"text-align:center;\"><img loading=\"lazy\" decoding=\"async\" data-attachment-id=\"1001\" data-permalink=\"https:\/\/yuri.com.br\/claudio\/2009\/08\/24\/itajuba-festival-do-sul-de-minas\/itajuba_paraiso_psyco_claud\/\" data-orig-file=\"https:\/\/yuri.com.br\/claudio\/wp-content\/uploads\/2009\/08\/itajuba_paraiso_psyco_claud.jpg\" data-orig-size=\"675,900\" data-comments-opened=\"1\" data-image-meta=\"{&quot;aperture&quot;:&quot;0&quot;,&quot;credit&quot;:&quot;&quot;,&quot;camera&quot;:&quot;&quot;,&quot;caption&quot;:&quot;&quot;,&quot;created_timestamp&quot;:&quot;0&quot;,&quot;copyright&quot;:&quot;&quot;,&quot;focal_length&quot;:&quot;0&quot;,&quot;iso&quot;:&quot;0&quot;,&quot;shutter_speed&quot;:&quot;0&quot;,&quot;title&quot;:&quot;&quot;}\" data-image-title=\"Psyco V10, Para\u00edso dos Bordis\" data-image-description=\"\" data-image-caption=\"\" data-medium-file=\"https:\/\/yuri.com.br\/claudio\/wp-content\/uploads\/2009\/08\/itajuba_paraiso_psyco_claud-225x300.jpg\" data-large-file=\"https:\/\/yuri.com.br\/claudio\/wp-content\/uploads\/2009\/08\/itajuba_paraiso_psyco_claud.jpg\" class=\"aligncenter size-full wp-image-1001\" title=\"Psyco V10, Para\u00edso dos Bordis\" src=\"http:\/\/yuri.com.br\/claudio\/wp-content\/uploads\/2009\/08\/itajuba_paraiso_psyco_claud.jpg\" alt=\"Psyco V10, Para\u00edso dos Bordis\" width=\"405\" height=\"540\" srcset=\"https:\/\/yuri.com.br\/claudio\/wp-content\/uploads\/2009\/08\/itajuba_paraiso_psyco_claud.jpg 675w, https:\/\/yuri.com.br\/claudio\/wp-content\/uploads\/2009\/08\/itajuba_paraiso_psyco_claud-225x300.jpg 225w, https:\/\/yuri.com.br\/claudio\/wp-content\/uploads\/2009\/08\/itajuba_paraiso_psyco_claud-210x280.jpg 210w\" sizes=\"auto, (max-width: 405px) 100vw, 405px\" \/><\/p>\n<p style=\"text-align:center;\"><em>Eu no momento em que o &#8220;Psyco&#8221; se junta ao &#8220;Cavernoso&#8221; &#8211; Para\u00edso dos Bordis (foto do Alexis<\/em>)<\/p>\n","protected":false},"excerpt":{"rendered":"<p>Neste \u00faltimo fds, mais uma viagem maneira, desta vez fomos respirar os ares do sul de minas e prestigiar o festival anual que rola em Itajub\u00e1. Felizmente, S\u00e3o Pedro colaborou abrindo uma janela no meio dessa frente fria molhada! Foi apenas a minha 3a. visita, mas cada ida tem servido para refor\u00e7ar minha opini\u00e3o de&hellip;&nbsp;<a href=\"https:\/\/yuri.com.br\/claudio\/2009\/08\/24\/itajuba-festival-do-sul-de-minas\/\" rel=\"bookmark\">Continue a ler &raquo;<span class=\"screen-reader-text\">Itajub\u00e1 &#8211; Festival do Sul de Minas<\/span><\/a><\/p>\n","protected":false},"author":2,"featured_media":1001,"comment_status":"open","ping_status":"open","sticky":false,"template":"","format":"standard","meta":{"neve_meta_sidebar":"","neve_meta_container":"","neve_meta_enable_content_width":"","neve_meta_content_width":0,"neve_meta_title_alignment":"","neve_meta_author_avatar":"","neve_post_elements_order":"","neve_meta_disable_header":"","neve_meta_disable_footer":"","neve_meta_disable_title":"","jetpack_post_was_ever_published":false,"_jetpack_newsletter_access":"","_jetpack_dont_email_post_to_subs":false,"_jetpack_newsletter_tier_id":0,"_jetpack_memberships_contains_paywalled_content":false,"_jetpack_memberships_contains_paid_content":false,"footnotes":"","jetpack_publicize_message":"","jetpack_publicize_feature_enabled":true,"jetpack_social_post_already_shared":false,"jetpack_social_options":{"image_generator_settings":{"template":"highway","default_image_id":0,"font":"","enabled":false},"version":2}},"categories":[3],"tags":[60],"class_list":["post-1000","post","type-post","status-publish","format-standard","has-post-thumbnail","hentry","category-escalada","tag-itajuba"],"jetpack_publicize_connections":[],"jetpack_featured_media_url":"https:\/\/yuri.com.br\/claudio\/wp-content\/uploads\/2009\/08\/itajuba_paraiso_psyco_claud.jpg","jetpack_shortlink":"https:\/\/wp.me\/p4i7cB-g8","jetpack_sharing_enabled":true,"jetpack-related-posts":[{"id":6039,"url":"https:\/\/yuri.com.br\/claudio\/2013\/11\/05\/torresmo-na-veia-e-climb-no-coracao\/","url_meta":{"origin":1000,"position":0},"title":"Torresmo na veia e climb no cora\u00e7\u00e3o","author":"claudio","date":"5\/nov\/2013","format":false,"excerpt":"Quando percebo que minhas roc-trips visam mais botequins do que pedras, ser\u00e1 que sou mais butequeiro do que escalador? Os vegetarianos que me desculpem pela foto \"x-rated\", mas o beta da vez vai pra esse que \u00e9 o melhor torresmo do ano, cujo corte especial inclui suculentos nacos de carne\u2026","rel":"","context":"Em &quot;'Baixa' Gastronomia&quot;","block_context":{"text":"'Baixa' Gastronomia","link":"https:\/\/yuri.com.br\/claudio\/category\/baixa-gastronomia\/"},"img":{"alt_text":"","src":"https:\/\/i0.wp.com\/yuri.com.br\/claudio\/wp-content\/uploads\/2013\/11\/bardamaria_torresmo.jpg?resize=350%2C200&ssl=1","width":350,"height":200,"srcset":"https:\/\/i0.wp.com\/yuri.com.br\/claudio\/wp-content\/uploads\/2013\/11\/bardamaria_torresmo.jpg?resize=350%2C200&ssl=1 1x, https:\/\/i0.wp.com\/yuri.com.br\/claudio\/wp-content\/uploads\/2013\/11\/bardamaria_torresmo.jpg?resize=525%2C300&ssl=1 1.5x, https:\/\/i0.wp.com\/yuri.com.br\/claudio\/wp-content\/uploads\/2013\/11\/bardamaria_torresmo.jpg?resize=700%2C400&ssl=1 2x"},"classes":[]},{"id":608,"url":"https:\/\/yuri.com.br\/claudio\/2009\/04\/14\/pascoa-2009\/","url_meta":{"origin":1000,"position":1},"title":"P\u00e1scoa 2009","author":"claudio","date":"14\/abr\/2009","format":false,"excerpt":"Neste \u00faltimo fds, fui com minha esposa \u00e0 Itajub\u00e1 e regi\u00e3o, lugar que n\u00e3o visitava a muito tempo: Pico dos Marins Para\u00edso dos 'Bordis' Boulders na Piedade Desde a \u00faltima vez, muita coisa se desenvolveu, e surgiram novas vias e boulders de alta dificuldade. Fui conferir o \"Tubar\u00e3o\" na Pedra\u2026","rel":"","context":"Em &quot;Escalada&quot;","block_context":{"text":"Escalada","link":"https:\/\/yuri.com.br\/claudio\/category\/escalada\/"},"img":{"alt_text":"","src":"https:\/\/i0.wp.com\/farm4.static.flickr.com\/3561\/3441650936_3fa5747d16.jpg?resize=350%2C200","width":350,"height":200},"classes":[]},{"id":3722,"url":"https:\/\/yuri.com.br\/claudio\/2012\/06\/11\/campeonato-brasileiro-2012-etapa-sao-bento-fotos\/","url_meta":{"origin":1000,"position":2},"title":"Campeonato Brasileiro 2012 &#8211; Etapa S\u00e3o Bento (fotos)","author":"claudio","date":"11\/jun\/2012","format":false,"excerpt":"S\u00e3o Pedro e S\u00e3o Bento fizeram um pacto de 24 horas para que no s\u00e1bado, a m\u00e1gica acontecesse: sol e frio perfeitos para rolar um espet\u00e1culo do climb, resultado merecido de um mega-trampo de tirar o chap\u00e9u... Acima, o Rafinha em um dos boulders mais duros do festival. O moleque\u2026","rel":"","context":"Em &quot;Escalada&quot;","block_context":{"text":"Escalada","link":"https:\/\/yuri.com.br\/claudio\/category\/escalada\/"},"img":{"alt_text":"","src":"https:\/\/i0.wp.com\/yuri.com.br\/claudio\/wp-content\/uploads\/2012\/06\/brasileiro_rafinha_small.jpg?resize=350%2C200&ssl=1","width":350,"height":200,"srcset":"https:\/\/i0.wp.com\/yuri.com.br\/claudio\/wp-content\/uploads\/2012\/06\/brasileiro_rafinha_small.jpg?resize=350%2C200&ssl=1 1x, https:\/\/i0.wp.com\/yuri.com.br\/claudio\/wp-content\/uploads\/2012\/06\/brasileiro_rafinha_small.jpg?resize=525%2C300&ssl=1 1.5x"},"classes":[]},{"id":7374,"url":"https:\/\/yuri.com.br\/claudio\/2014\/03\/10\/fofocas-nu-2\/","url_meta":{"origin":1000,"position":3},"title":"Fofocas.nu","author":"Cl\u00e1udio Brisighello","date":"10\/mar\/2014","format":false,"excerpt":"Esta bombou f\u00e1cil na net, mas vale muito ecoar por aqui tamb\u00e9m: - Mr. Ferragut derrubou um dos \"mitos\" de S\u00e3o Bento, o Navio Fantasma! Uma linha pura, coisa rara mesmo (sei o qu\u00e3o dif\u00edcil \u00e9 encontrar algo assim, sem mais nem menos, sem links, apenas o suficiente para tornar\u2026","rel":"","context":"Em &quot;Escalada&quot;","block_context":{"text":"Escalada","link":"https:\/\/yuri.com.br\/claudio\/category\/escalada\/"},"img":{"alt_text":"","src":"","width":0,"height":0},"classes":[]},{"id":3537,"url":"https:\/\/yuri.com.br\/claudio\/2012\/03\/12\/a-vinganca-do-bola-baixa\/","url_meta":{"origin":1000,"position":4},"title":"A vingan\u00e7a do bola baixa","author":"claudio","date":"12\/mar\/2012","format":false,"excerpt":"Divulgando outra nova linha (\u00e0 prova d\u00b4\u00e1gua) no Aranha, desta vez um bloquinho surpreendente com no m\u00e1ximo 2 metros. Divers\u00e3o garantida para quem procura dificuldade moderada\/dif\u00edcil e pegou uma chuvarada em S\u00e3o Bento. Nesse universo de montanhas e pedras, o lowball \u00e9 uma esp\u00e9cie de microcosmo da escalada, fazendo as\u2026","rel":"","context":"Em &quot;Escalada&quot;","block_context":{"text":"Escalada","link":"https:\/\/yuri.com.br\/claudio\/category\/escalada\/"},"img":{"alt_text":"","src":"https:\/\/i0.wp.com\/yuri.com.br\/claudio\/wp-content\/uploads\/2012\/03\/bolabaixa.jpg?resize=350%2C200","width":350,"height":200,"srcset":"https:\/\/i0.wp.com\/yuri.com.br\/claudio\/wp-content\/uploads\/2012\/03\/bolabaixa.jpg?resize=350%2C200 1x, https:\/\/i0.wp.com\/yuri.com.br\/claudio\/wp-content\/uploads\/2012\/03\/bolabaixa.jpg?resize=525%2C300 1.5x, https:\/\/i0.wp.com\/yuri.com.br\/claudio\/wp-content\/uploads\/2012\/03\/bolabaixa.jpg?resize=700%2C400 2x"},"classes":[]},{"id":3335,"url":"https:\/\/yuri.com.br\/claudio\/2012\/01\/22\/mais-do-aranha\/","url_meta":{"origin":1000,"position":5},"title":"Mais do Aranha","author":"claudio","date":"22\/jan\/2012","format":false,"excerpt":"Compartilhando mais linhas novas de dificuldade \"moderada\" na cave do Aranha (a prova d\u00b4\u00e1gua!)... Desta vez falamos do bloco levemente negativo logo atr\u00e1s do Derretidos, acredito que sempre passou despercebido devido \u00e0 sua base ruim, mas na \u00faltima semana fomos l\u00e1 alavancar as pedras e limpar as 2 linhas \u00f3bvias,\u2026","rel":"","context":"Em &quot;Escalada&quot;","block_context":{"text":"Escalada","link":"https:\/\/yuri.com.br\/claudio\/category\/escalada\/"},"img":{"alt_text":"","src":"https:\/\/i0.wp.com\/yuri.com.br\/claudio\/wp-content\/uploads\/2012\/01\/aranha_popfingerscaca.jpg?resize=350%2C200&ssl=1","width":350,"height":200,"srcset":"https:\/\/i0.wp.com\/yuri.com.br\/claudio\/wp-content\/uploads\/2012\/01\/aranha_popfingerscaca.jpg?resize=350%2C200&ssl=1 1x, https:\/\/i0.wp.com\/yuri.com.br\/claudio\/wp-content\/uploads\/2012\/01\/aranha_popfingerscaca.jpg?resize=525%2C300&ssl=1 1.5x, https:\/\/i0.wp.com\/yuri.com.br\/claudio\/wp-content\/uploads\/2012\/01\/aranha_popfingerscaca.jpg?resize=700%2C400&ssl=1 2x"},"classes":[]}],"_links":{"self":[{"href":"https:\/\/yuri.com.br\/claudio\/wp-json\/wp\/v2\/posts\/1000","targetHints":{"allow":["GET"]}}],"collection":[{"href":"https:\/\/yuri.com.br\/claudio\/wp-json\/wp\/v2\/posts"}],"about":[{"href":"https:\/\/yuri.com.br\/claudio\/wp-json\/wp\/v2\/types\/post"}],"author":[{"embeddable":true,"href":"https:\/\/yuri.com.br\/claudio\/wp-json\/wp\/v2\/users\/2"}],"replies":[{"embeddable":true,"href":"https:\/\/yuri.com.br\/claudio\/wp-json\/wp\/v2\/comments?post=1000"}],"version-history":[{"count":0,"href":"https:\/\/yuri.com.br\/claudio\/wp-json\/wp\/v2\/posts\/1000\/revisions"}],"wp:featuredmedia":[{"embeddable":true,"href":"https:\/\/yuri.com.br\/claudio\/wp-json\/wp\/v2\/media\/1001"}],"wp:attachment":[{"href":"https:\/\/yuri.com.br\/claudio\/wp-json\/wp\/v2\/media?parent=1000"}],"wp:term":[{"taxonomy":"category","embeddable":true,"href":"https:\/\/yuri.com.br\/claudio\/wp-json\/wp\/v2\/categories?post=1000"},{"taxonomy":"post_tag","embeddable":true,"href":"https:\/\/yuri.com.br\/claudio\/wp-json\/wp\/v2\/tags?post=1000"}],"curies":[{"name":"wp","href":"https:\/\/api.w.org\/{rel}","templated":true}]}}